{"id":1249,"date":"2019-01-02T13:03:33","date_gmt":"2019-01-02T12:03:33","guid":{"rendered":"https:\/\/www.mullor.com\/?p=1249"},"modified":"2021-06-02T02:52:28","modified_gmt":"2021-06-02T00:52:28","slug":"mullor-participa-en-la-tercera-edicion-del-espai-connectat","status":"publish","type":"post","link":"https:\/\/www.mullor.com\/ca\/mullor-participa-en-la-tercera-edicion-del-espai-connectat\/","title":{"rendered":"Mullor participa en la tercera edici\u00f3n del Espai Connecta\u2019t"},"content":{"rendered":"<p>El pasado 30 de noviembre de 2018 se celebr\u00f3 la tercera edici\u00f3n del Espai Connecta\u2019t organizado por el <a href=\"https:\/\/www.casaldelsinfants.org\/\" target=\"_blank\" rel=\"noopener noreferrer\">Casal dels Insfants<\/a>, en el marco del Programa de Formaci\u00f3n e Inserci\u00f3n Social y Laboral, a fin de conectar a los j\u00f3venes participantes con las empresas colaboradoras a trav\u00e9s de entrevistas cortas. Mullor particip\u00f3 entrevistando a 30 j\u00f3venes.<\/p>\n<p><img fetchpriority=\"high\" decoding=\"async\" class=\"aligncenter wp-image-1253 size-full\" src=\"https:\/\/www.mullor.com\/wp-content\/uploads\/2019\/01\/Espai-Conectat_Mullor-768x431.jpg\" alt=\"Espai-Conectat_Mullor\" width=\"768\" height=\"431\" srcset=\"https:\/\/www.mullor.com\/wp-content\/uploads\/2019\/01\/Espai-Conectat_Mullor-768x431.jpg 768w, https:\/\/www.mullor.com\/wp-content\/uploads\/2019\/01\/Espai-Conectat_Mullor-768x431-300x168.jpg 300w\" sizes=\"(max-width: 768px) 100vw, 768px\" \/><\/p>\n<p>El Espai Connecta\u2019t tiene como objetivo que los j\u00f3venes practiquen y mejoren sus competencias laborales para realizar entrevistas profesionales. Adem\u00e1s, es una oportunidad de establecer v\u00ednculos con las empresas colaboradoras y dar visibilidad al compromiso de estas empresas con la igualdad de oportunidades.<\/p>\n<p>Este espacio tiene un impacto directo en la inserci\u00f3n laboral: 14 j\u00f3venes contratados entre los 80 participantes en la jornada.<\/p>\n<p><center><iframe src=\"https:\/\/www.youtube.com\/embed\/VCdrwRSKnLs\" width=\"560\" height=\"315\" frameborder=\"0\" allowfullscreen=\"allowfullscreen\"><\/iframe><\/center><\/p>","protected":false},"excerpt":{"rendered":"<p>El pasado 30 de noviembre de 2018 se celebr\u00f3 la tercera edici\u00f3n del Espai Connecta\u2019t organizado por el Casal dels Insfants, en el marco del Programa de Formaci\u00f3n e Inserci\u00f3n Social y Laboral, a fin de conectar a los j\u00f3venes participantes con las empresas colaboradoras a trav\u00e9s de entrevistas cortas. Mullor particip\u00f3 entrevistando a 30 j\u00f3venes. El Espai Connecta\u2019t tiene<\/p>\n<p><a class=\"more-link\" href=\"https:\/\/www.mullor.com\/ca\/mullor-participa-en-la-tercera-edicion-del-espai-connectat\/\">Read More<\/a><\/p>","protected":false},"author":6,"featured_media":1256,"comment_status":"open","ping_status":"open","sticky":false,"template":"","format":"standard","meta":{"footnotes":""},"categories":[19,25],"tags":[],"class_list":["post-1249","post","type-post","status-publish","format-standard","has-post-thumbnail","hentry","category-personas","category-rse"],"aioseo_notices":[],"_links":{"self":[{"href":"https:\/\/www.mullor.com\/ca\/wp-json\/wp\/v2\/posts\/1249","targetHints":{"allow":["GET"]}}],"collection":[{"href":"https:\/\/www.mullor.com\/ca\/wp-json\/wp\/v2\/posts"}],"about":[{"href":"https:\/\/www.mullor.com\/ca\/wp-json\/wp\/v2\/types\/post"}],"author":[{"embeddable":true,"href":"https:\/\/www.mullor.com\/ca\/wp-json\/wp\/v2\/users\/6"}],"replies":[{"embeddable":true,"href":"https:\/\/www.mullor.com\/ca\/wp-json\/wp\/v2\/comments?post=1249"}],"version-history":[{"count":5,"href":"https:\/\/www.mullor.com\/ca\/wp-json\/wp\/v2\/posts\/1249\/revisions"}],"predecessor-version":[{"id":1255,"href":"https:\/\/www.mullor.com\/ca\/wp-json\/wp\/v2\/posts\/1249\/revisions\/1255"}],"wp:featuredmedia":[{"embeddable":true,"href":"https:\/\/www.mullor.com\/ca\/wp-json\/wp\/v2\/media\/1256"}],"wp:attachment":[{"href":"https:\/\/www.mullor.com\/ca\/wp-json\/wp\/v2\/media?parent=1249"}],"wp:term":[{"taxonomy":"category","embeddable":true,"href":"https:\/\/www.mullor.com\/ca\/wp-json\/wp\/v2\/categories?post=1249"},{"taxonomy":"post_tag","embeddable":true,"href":"https:\/\/www.mullor.com\/ca\/wp-json\/wp\/v2\/tags?post=1249"}],"curies":[{"name":"wp","href":"https:\/\/api.w.org\/{rel}","templated":true}]}}