{"id":1257,"date":"2019-01-11T13:14:39","date_gmt":"2019-01-11T12:14:39","guid":{"rendered":"https:\/\/www.mullor.com\/?p=1257"},"modified":"2021-06-04T14:10:09","modified_gmt":"2021-06-04T12:10:09","slug":"mullor-presente-encuentro-anual-espacio-inclusion-les-corts","status":"publish","type":"post","link":"https:\/\/www.mullor.com\/ca\/mullor-presente-encuentro-anual-espacio-inclusion-les-corts\/","title":{"rendered":"Mullor presente en el V Encuentro Anual del Espacio de Inclusi\u00f3n de Les Corts"},"content":{"rendered":"<p>El pasado mes de noviembre de de 2018 se celebr\u00f3 el V Encuentro Anual del Espacio de Inclusi\u00f3n del Distrito Les Corts, organizado con el objetivo de dar visibilidad a todas las acciones desarrolladas para favorecer la inclusi\u00f3n de personas con discapacidad.<\/p>\n<p><img fetchpriority=\"high\" decoding=\"async\" class=\"aligncenter wp-image-1258 size-full\" src=\"https:\/\/www.mullor.com\/wp-content\/uploads\/2019\/08\/V-Encuentro-Anual-del-Espacio-de-Inclusio\u0301n-de-Les-Corts-1024x768-e1565262872547.jpg\" alt=\"V-Encuentro-Anual-del-Espacio-de-Inclusio\u0301n-de-Les-Corts-1024x768\" width=\"800\" height=\"600\" \/><\/p>\n<p>Mullor ha estado presente en el encuentro anual como miembro del Espacio de Inclusi\u00f3n 20 + 20 + 20, una plataforma conformada por la administraci\u00f3n, empresas y diferentes entidades que trabajan conjuntamente para generar estrategias que permitan impulsar una sociedad m\u00e1s inclusiva en el Distrito de Les Corts.<\/p>\n<p>El Espacio de Inclusi\u00f3n del Distrito de Les Corts es una iniciativa referente en Barcelona, que tras cinco a\u00f1os desarrollando acciones sociales aspira replicarse en el resto de distritos de la ciudad condal.<\/p>","protected":false},"excerpt":{"rendered":"<p>El pasado mes de noviembre de de 2018 se celebr\u00f3 el V Encuentro Anual del Espacio de Inclusi\u00f3n del Distrito Les Corts, organizado con el objetivo de dar visibilidad a todas las acciones desarrolladas para favorecer la inclusi\u00f3n de personas con discapacidad. Mullor ha estado presente en el encuentro anual como miembro del Espacio de Inclusi\u00f3n 20 + 20 +<\/p>\n<p><a class=\"more-link\" href=\"https:\/\/www.mullor.com\/ca\/mullor-presente-encuentro-anual-espacio-inclusion-les-corts\/\">Read More<\/a><\/p>","protected":false},"author":6,"featured_media":1260,"comment_status":"open","ping_status":"open","sticky":false,"template":"","format":"standard","meta":{"footnotes":""},"categories":[19,25],"tags":[],"class_list":["post-1257","post","type-post","status-publish","format-standard","has-post-thumbnail","hentry","category-personas","category-rse"],"aioseo_notices":[],"_links":{"self":[{"href":"https:\/\/www.mullor.com\/ca\/wp-json\/wp\/v2\/posts\/1257","targetHints":{"allow":["GET"]}}],"collection":[{"href":"https:\/\/www.mullor.com\/ca\/wp-json\/wp\/v2\/posts"}],"about":[{"href":"https:\/\/www.mullor.com\/ca\/wp-json\/wp\/v2\/types\/post"}],"author":[{"embeddable":true,"href":"https:\/\/www.mullor.com\/ca\/wp-json\/wp\/v2\/users\/6"}],"replies":[{"embeddable":true,"href":"https:\/\/www.mullor.com\/ca\/wp-json\/wp\/v2\/comments?post=1257"}],"version-history":[{"count":2,"href":"https:\/\/www.mullor.com\/ca\/wp-json\/wp\/v2\/posts\/1257\/revisions"}],"predecessor-version":[{"id":2404,"href":"https:\/\/www.mullor.com\/ca\/wp-json\/wp\/v2\/posts\/1257\/revisions\/2404"}],"wp:featuredmedia":[{"embeddable":true,"href":"https:\/\/www.mullor.com\/ca\/wp-json\/wp\/v2\/media\/1260"}],"wp:attachment":[{"href":"https:\/\/www.mullor.com\/ca\/wp-json\/wp\/v2\/media?parent=1257"}],"wp:term":[{"taxonomy":"category","embeddable":true,"href":"https:\/\/www.mullor.com\/ca\/wp-json\/wp\/v2\/categories?post=1257"},{"taxonomy":"post_tag","embeddable":true,"href":"https:\/\/www.mullor.com\/ca\/wp-json\/wp\/v2\/tags?post=1257"}],"curies":[{"name":"wp","href":"https:\/\/api.w.org\/{rel}","templated":true}]}}