{"id":1298,"date":"2019-05-28T16:43:16","date_gmt":"2019-05-28T14:43:16","guid":{"rendered":"https:\/\/www.mullor.com\/?p=1298"},"modified":"2021-06-02T02:52:26","modified_gmt":"2021-06-02T00:52:26","slug":"mullor-participa-jornada-espai-labora","status":"publish","type":"post","link":"https:\/\/www.mullor.com\/ca\/mullor-participa-jornada-espai-labora\/","title":{"rendered":"Mullor participa en la V Jornada Espai L\u00e0bora"},"content":{"rendered":"<p>El lunes 13 de mayo de 2019 se ha celebrado la V Jornada de Networking Espai L\u00e0bora en el Born Centre de Cultura i Mem\u00f2ria.<\/p>\n<p><a href=\"http:\/\/w110.bcn.cat\/portal\/site\/ServeisSocials\/menuitem.931633495bcd6167b4f7b4f7a2ef8a0c\/indexf723.html\" target=\"_blank\" rel=\"noopener noreferrer\">El Programa L\u00e0bora<\/a> est\u00e1 dirigido a personas en situaci\u00f3n de vulnerabilidad laboral. Este espacio de Networking facilita el contacto entre las empresas y los asistentes en b\u00fasqueda de empleo.<\/p>\n<p>Durante la jornada han sido reconocidas 145 empresas por su participaci\u00f3n en el programa. Los 400 asistentes han realizado entrevistas entre las 70 empresas que han participado en el espacio de Networking.<\/p>\n<p>Mullor ha estado presente en la jornada y en el espacio de networking, realizando entrevistas individuales para conocer a los candidatos presentados e incorporarlos en la bolsa de trabajo para futuros puestos en la empresa.<\/p>\n<p><img fetchpriority=\"high\" decoding=\"async\" class=\"aligncenter size-full wp-image-1300\" src=\"https:\/\/www.mullor.com\/wp-content\/uploads\/2019\/08\/Mullor-Jornada-Labora-768x384.png\" alt=\"Mullor-Jornada-Labora--768x384\" width=\"768\" height=\"384\" srcset=\"https:\/\/www.mullor.com\/wp-content\/uploads\/2019\/08\/Mullor-Jornada-Labora-768x384.png 768w, https:\/\/www.mullor.com\/wp-content\/uploads\/2019\/08\/Mullor-Jornada-Labora-768x384-300x150.png 300w\" sizes=\"(max-width: 768px) 100vw, 768px\" \/><\/p>\n<p>Este proyecto est\u00e1 conformado por una red de trabajo y cooperaci\u00f3n en donde act\u00faan conjuntamente l\u2019Ajuntament de Barcelona, organizaciones del tercer sector y empresas de la ciudad, bajo el sello de Empresa Responsable por la contrataci\u00f3n de personas en riesgo de exclusi\u00f3n social.<\/p>\n<h5><strong>Im\u00e1genes facilitadas por el Programa L\u00e0bora (Ajuntament de Barcelona)<\/strong><\/h5>","protected":false},"excerpt":{"rendered":"<p>El lunes 13 de mayo de 2019 se ha celebrado la V Jornada de Networking Espai L\u00e0bora en el Born Centre de Cultura i Mem\u00f2ria. El Programa L\u00e0bora est\u00e1 dirigido a personas en situaci\u00f3n de vulnerabilidad laboral. Este espacio de Networking facilita el contacto entre las empresas y los asistentes en b\u00fasqueda de empleo. Durante la jornada han sido reconocidas<\/p>\n<p><a class=\"more-link\" href=\"https:\/\/www.mullor.com\/ca\/mullor-participa-jornada-espai-labora\/\">Read More<\/a><\/p>","protected":false},"author":6,"featured_media":1302,"comment_status":"open","ping_status":"open","sticky":false,"template":"","format":"standard","meta":{"footnotes":""},"categories":[27],"tags":[],"class_list":["post-1298","post","type-post","status-publish","format-standard","has-post-thumbnail","hentry","category-comunicacion"],"aioseo_notices":[],"_links":{"self":[{"href":"https:\/\/www.mullor.com\/ca\/wp-json\/wp\/v2\/posts\/1298","targetHints":{"allow":["GET"]}}],"collection":[{"href":"https:\/\/www.mullor.com\/ca\/wp-json\/wp\/v2\/posts"}],"about":[{"href":"https:\/\/www.mullor.com\/ca\/wp-json\/wp\/v2\/types\/post"}],"author":[{"embeddable":true,"href":"https:\/\/www.mullor.com\/ca\/wp-json\/wp\/v2\/users\/6"}],"replies":[{"embeddable":true,"href":"https:\/\/www.mullor.com\/ca\/wp-json\/wp\/v2\/comments?post=1298"}],"version-history":[{"count":4,"href":"https:\/\/www.mullor.com\/ca\/wp-json\/wp\/v2\/posts\/1298\/revisions"}],"predecessor-version":[{"id":1304,"href":"https:\/\/www.mullor.com\/ca\/wp-json\/wp\/v2\/posts\/1298\/revisions\/1304"}],"wp:featuredmedia":[{"embeddable":true,"href":"https:\/\/www.mullor.com\/ca\/wp-json\/wp\/v2\/media\/1302"}],"wp:attachment":[{"href":"https:\/\/www.mullor.com\/ca\/wp-json\/wp\/v2\/media?parent=1298"}],"wp:term":[{"taxonomy":"category","embeddable":true,"href":"https:\/\/www.mullor.com\/ca\/wp-json\/wp\/v2\/categories?post=1298"},{"taxonomy":"post_tag","embeddable":true,"href":"https:\/\/www.mullor.com\/ca\/wp-json\/wp\/v2\/tags?post=1298"}],"curies":[{"name":"wp","href":"https:\/\/api.w.org\/{rel}","templated":true}]}}