{"id":1960,"date":"2020-08-14T12:49:49","date_gmt":"2020-08-14T10:49:49","guid":{"rendered":"https:\/\/www.mullor.com\/?p=1960"},"modified":"2021-06-02T02:52:26","modified_gmt":"2021-06-02T00:52:26","slug":"mullor-con-respon-cat","status":"publish","type":"post","link":"https:\/\/www.mullor.com\/ca\/mullor-con-respon-cat\/","title":{"rendered":"Mullor con Respon.Cat"},"content":{"rendered":"<div class=\"widget-1 first widget\">\n<div class=\"so-widget-sow-editor so-widget-sow-editor-base\">\n<div class=\"siteorigin-widget-tinymce textwidget\">\n<p>Mullor ha estado vinculada a la iniciativa empresarial para el desarrollo de la Responsabilidad Social a Catalunya, Respon.Cat. desde sus inicios.<\/p>\n<p>En este espacio de encuentro y colaboraci\u00f3n entre empresas de diversos sectores, territorios y dimensiones, se persigue la finalidad de construir una iniciativa \u00fatil para las empresas catalanas en temas de Responsabilidad Social Empresarial.<\/p>\n<\/div>\n<p>Actualmente nuestra consejera delegada, Merc\u00e8 Mullor, ha sido reelegida por segundo a\u00f1o consecutivo\u00a0 presidenta de la Entidad.<\/p>\n<\/div>\n<p>Comienza la temporada con el objetivo de orientar a las pymes en la elaboraci\u00f3n de un plan de acci\u00f3n en materia de RSE. En palabras de Merc\u00e8 Mulor,<\/p>\n<blockquote><p>\u00abEste programa es una oportunidad muy importante para las PYMES ya que visibilizan aquellas acciones de RSC que ya hacen en su d\u00eda a d\u00eda\u00bb<\/p><\/blockquote>\n<p><span style=\"font-size: 1rem;\">Respon.cat ha puesto en marcha el curso de formaci\u00f3n de Responsabilidad social para empresas miembros.<\/span><\/p>\n<p>Merc\u00e8 Mullor firm\u00f3 el acuerdo para la Agenda 2030 en Catalu\u00f1a. Este acuerdo es la nueva hoja de ruta global para avanzar en el desarrollo sostenible.<\/p>\n<p>Durante el confinamiento, la actividad de Respon.Cat continu\u00f3 adapt\u00e1ndola gracias a la tecnolog\u00eda, la junta directiva se reuni\u00f3 en linea.<\/p>\n<p>Se ha firmado un acuerdo de colaboraci\u00f3n con la c\u00e1mara de comercio de Barcelona. De esta manera se suman fuerzas para fomentar la Responsabilidad Social Empresarial. Seguimos avanzando para hacer presente la Responsabilidad Social Empresarial en el tejido empresarial catal\u00e1n. La Cambra de Comer\u00e7 de Barcelona se ha marcado como objetivo hacer realidad la RSE entre las pymes, tal y como se recoge en su plan estrat\u00e9gico Catalunya.<\/p>\n<p>Participamos en el Marketplace organizado por\u00a0<strong><a href=\"https:\/\/www.linkedin.com\/company\/respon-cat\/\">Respon.cat<\/a><\/strong>\u00a0para las empresas miembro y empresas invitadas. Todas comprometidas con la RSE.<\/p>\n<p><span style=\"font-size: 1rem;\">Merc\u00e8 Mullor particip\u00f3 junto con el Coordinador de Respon.cat, Josep Maria Canyelles, en el acto de clausura de la primera edici\u00f3n del curso del curso de RSE para las empresas miembros. Ha estado un espacio de aprendizaje compartiendo experiencias y conocimiento.<\/span><\/p>\n<\/div>\n<div class=\"widget-1 first widget\">\n<p>&nbsp;<\/p>\n<div class=\"so-widget-sow-editor so-widget-sow-editor-base\">\n<div class=\"siteorigin-widget-tinymce textwidget\">\n<div id=\"attachment_1962\" style=\"width: 411px\" class=\"wp-caption alignright\"><img fetchpriority=\"high\" decoding=\"async\" aria-describedby=\"caption-attachment-1962\" class=\"wp-image-1962\" src=\"https:\/\/www.mullor.com\/wp-content\/uploads\/2020\/08\/merce-cambra-come\u00e7-300x207.jpg\" alt=\"RSE\" width=\"401\" height=\"277\" srcset=\"https:\/\/www.mullor.com\/wp-content\/uploads\/2020\/08\/merce-cambra-come\u00e7-300x207.jpg 300w, https:\/\/www.mullor.com\/wp-content\/uploads\/2020\/08\/merce-cambra-come\u00e7-768x529.jpg 768w, https:\/\/www.mullor.com\/wp-content\/uploads\/2020\/08\/merce-cambra-come\u00e7.jpg 800w\" sizes=\"(max-width: 401px) 100vw, 401px\" \/><p id=\"caption-attachment-1962\" class=\"wp-caption-text\">RSC<\/p><\/div>\n<p>&nbsp;<\/p>\n<\/div>\n<\/div>\n<\/div>\n<div class=\"widget-2 widget\">\n<div class=\"widget_title\">\n<h3><\/h3>\n<\/div>\n<\/div>","protected":false},"excerpt":{"rendered":"<p>Mullor ha estado vinculada a la iniciativa empresarial para el desarrollo de la Responsabilidad Social a Catalunya, Respon.Cat. desde sus inicios. En este espacio de encuentro y colaboraci\u00f3n entre empresas de diversos sectores, territorios y dimensiones, se persigue la finalidad de construir una iniciativa \u00fatil para las empresas catalanas en temas de Responsabilidad Social Empresarial. Actualmente nuestra consejera delegada, Merc\u00e8<\/p>\n<p><a class=\"more-link\" href=\"https:\/\/www.mullor.com\/ca\/mullor-con-respon-cat\/\">Read More<\/a><\/p>","protected":false},"author":6,"featured_media":1975,"comment_status":"open","ping_status":"open","sticky":false,"template":"","format":"standard","meta":{"footnotes":""},"categories":[25],"tags":[29],"class_list":["post-1960","post","type-post","status-publish","format-standard","has-post-thumbnail","hentry","category-rse","tag-rse"],"aioseo_notices":[],"_links":{"self":[{"href":"https:\/\/www.mullor.com\/ca\/wp-json\/wp\/v2\/posts\/1960","targetHints":{"allow":["GET"]}}],"collection":[{"href":"https:\/\/www.mullor.com\/ca\/wp-json\/wp\/v2\/posts"}],"about":[{"href":"https:\/\/www.mullor.com\/ca\/wp-json\/wp\/v2\/types\/post"}],"author":[{"embeddable":true,"href":"https:\/\/www.mullor.com\/ca\/wp-json\/wp\/v2\/users\/6"}],"replies":[{"embeddable":true,"href":"https:\/\/www.mullor.com\/ca\/wp-json\/wp\/v2\/comments?post=1960"}],"version-history":[{"count":6,"href":"https:\/\/www.mullor.com\/ca\/wp-json\/wp\/v2\/posts\/1960\/revisions"}],"predecessor-version":[{"id":2144,"href":"https:\/\/www.mullor.com\/ca\/wp-json\/wp\/v2\/posts\/1960\/revisions\/2144"}],"wp:featuredmedia":[{"embeddable":true,"href":"https:\/\/www.mullor.com\/ca\/wp-json\/wp\/v2\/media\/1975"}],"wp:attachment":[{"href":"https:\/\/www.mullor.com\/ca\/wp-json\/wp\/v2\/media?parent=1960"}],"wp:term":[{"taxonomy":"category","embeddable":true,"href":"https:\/\/www.mullor.com\/ca\/wp-json\/wp\/v2\/categories?post=1960"},{"taxonomy":"post_tag","embeddable":true,"href":"https:\/\/www.mullor.com\/ca\/wp-json\/wp\/v2\/tags?post=1960"}],"curies":[{"name":"wp","href":"https:\/\/api.w.org\/{rel}","templated":true}]}}