{"id":200,"date":"2016-05-31T10:22:01","date_gmt":"2016-05-31T08:22:01","guid":{"rendered":"https:\/\/www.mullor.com\/?p=200"},"modified":"2021-06-02T02:52:29","modified_gmt":"2021-06-02T00:52:29","slug":"la-rsc-de-mullor-en-el-diario-expansion","status":"publish","type":"post","link":"https:\/\/www.mullor.com\/ca\/la-rsc-de-mullor-en-el-diario-expansion\/","title":{"rendered":"La RSC de Mullor en el Diario Expansi\u00f3n"},"content":{"rendered":"<p>En la actualidad, la mayor\u00eda de empresas son conscientes de la importancia de la Responsabilidad Social Corporativa (RSC).<\/p>\n<p>Tanto empresas como entidades sociales ven en la Responsabilidad Social Corporativa una oportunidad para llevar a cabo diversos proyectos que tienen como objetivo contribuir en la mejora de la sociedad.<\/p>\n<p>Nos ha hecho mucha ilusi\u00f3n que un peri\u00f3dico del \u00e1mbito empresarial nos llamara para preguntar por nuestra pr\u00e1ctica al respecto.<\/p>\n<p>As\u00ed empieza el art\u00edculo en el diario Expansi\u00f3n sobre la RSC en Mullor:<\/p>\n<p><strong>\u201cLa estrategia de Mullor es potenciar la colaboraci\u00f3n con entidades sociales sin \u00e1nimo de lucro que trabajan con personas con necesidades singulares en territorios distintos. Promovemos con esta estrecha colaboraci\u00f3n la inserci\u00f3n laboral, la formaci\u00f3n e incluso el trabajo profesional conjunto\u201d.<\/strong><\/p>\n<p><a href=\"https:\/\/www.mullor.com\/wp-content\/uploads\/2019\/06\/Mullor30may2016.pdf\" target=\"_blank\" rel=\"noopener noreferrer\">Compartimos el contenido publicado por si quer\u00e9is tener m\u00e1s informaci\u00f3n.<\/a><\/p>","protected":false},"excerpt":{"rendered":"<p>En la actualidad, la mayor\u00eda de empresas son conscientes de la importancia de la Responsabilidad Social Corporativa (RSC). Tanto empresas como entidades sociales ven en la Responsabilidad Social Corporativa una oportunidad para llevar a cabo diversos proyectos que tienen como objetivo contribuir en la mejora de la sociedad. Nos ha hecho mucha ilusi\u00f3n que un peri\u00f3dico del \u00e1mbito empresarial nos<\/p>\n<p><a class=\"more-link\" href=\"https:\/\/www.mullor.com\/ca\/la-rsc-de-mullor-en-el-diario-expansion\/\">Read More<\/a><\/p>","protected":false},"author":6,"featured_media":203,"comment_status":"open","ping_status":"open","sticky":false,"template":"","format":"standard","meta":{"footnotes":""},"categories":[27,25],"tags":[],"class_list":["post-200","post","type-post","status-publish","format-standard","has-post-thumbnail","hentry","category-comunicacion","category-rse"],"aioseo_notices":[],"_links":{"self":[{"href":"https:\/\/www.mullor.com\/ca\/wp-json\/wp\/v2\/posts\/200","targetHints":{"allow":["GET"]}}],"collection":[{"href":"https:\/\/www.mullor.com\/ca\/wp-json\/wp\/v2\/posts"}],"about":[{"href":"https:\/\/www.mullor.com\/ca\/wp-json\/wp\/v2\/types\/post"}],"author":[{"embeddable":true,"href":"https:\/\/www.mullor.com\/ca\/wp-json\/wp\/v2\/users\/6"}],"replies":[{"embeddable":true,"href":"https:\/\/www.mullor.com\/ca\/wp-json\/wp\/v2\/comments?post=200"}],"version-history":[{"count":3,"href":"https:\/\/www.mullor.com\/ca\/wp-json\/wp\/v2\/posts\/200\/revisions"}],"predecessor-version":[{"id":214,"href":"https:\/\/www.mullor.com\/ca\/wp-json\/wp\/v2\/posts\/200\/revisions\/214"}],"wp:featuredmedia":[{"embeddable":true,"href":"https:\/\/www.mullor.com\/ca\/wp-json\/wp\/v2\/media\/203"}],"wp:attachment":[{"href":"https:\/\/www.mullor.com\/ca\/wp-json\/wp\/v2\/media?parent=200"}],"wp:term":[{"taxonomy":"category","embeddable":true,"href":"https:\/\/www.mullor.com\/ca\/wp-json\/wp\/v2\/categories?post=200"},{"taxonomy":"post_tag","embeddable":true,"href":"https:\/\/www.mullor.com\/ca\/wp-json\/wp\/v2\/tags?post=200"}],"curies":[{"name":"wp","href":"https:\/\/api.w.org\/{rel}","templated":true}]}}