{"id":2030,"date":"2020-10-16T13:12:56","date_gmt":"2020-10-16T11:12:56","guid":{"rendered":"https:\/\/www.mullor.com\/?p=2030"},"modified":"2021-06-02T02:52:26","modified_gmt":"2021-06-02T00:52:26","slug":"celebramos-el-dia-internacional-de-agradecimiento-al-personal-de-limpieza","status":"publish","type":"post","link":"https:\/\/www.mullor.com\/ca\/celebramos-el-dia-internacional-de-agradecimiento-al-personal-de-limpieza\/","title":{"rendered":"Celebramos el D\u00eda Internacional de Agradecimiento al Personal de Limpieza"},"content":{"rendered":"<p>Hoy celebramos el D\u00eda Internacional de Agradecimiento al Personal de Limpieza. Un servicio fundamental que contribuye al bienestar y a la salud de las personas.<\/p>\n\n\n\n<p>Queremos hacer visible lo invisible. Desde aqu\u00ed un reconocimiento a nuestros compa\u00f1eros y compa\u00f1eras. Porque sin vuestra labor ser\u00eda imposible continuar.<\/p>\n\n\n\n<p>Gracias por vuestra profesionalidad.<\/p>\n\n\n\n<figure class=\"wp-block-embed aligncenter is-type-video is-provider-youtube wp-block-embed-youtube wp-embed-aspect-16-9 wp-has-aspect-ratio\"><div class=\"wp-block-embed__wrapper\">\n<iframe title=\"E&amp;L, con el D\u00eda Internacional de Agradecimiento al Personal de Limpieza\" width=\"500\" height=\"281\" src=\"https:\/\/www.youtube.com\/embed\/rkAirZL1xkg?feature=oembed\" frameborder=\"0\" allow=\"accelerometer; autoplay; clipboard-write; encrypted-media; gyroscope; picture-in-picture; web-share\" referrerpolicy=\"strict-origin-when-cross-origin\" allowfullscreen><\/iframe>\n<\/div><\/figure>","protected":false},"excerpt":{"rendered":"<p>Hoy celebramos el D\u00eda Internacional de Agradecimiento al Personal de Limpieza. Un servicio fundamental que contribuye al bienestar y a la salud de las personas. Queremos hacer visible lo invisible. Desde aqu\u00ed un reconocimiento a nuestros compa\u00f1eros y compa\u00f1eras. Porque sin vuestra labor ser\u00eda imposible continuar. Gracias por vuestra profesionalidad.<\/p>","protected":false},"author":6,"featured_media":2032,"comment_status":"open","ping_status":"open","sticky":false,"template":"","format":"standard","meta":{"footnotes":""},"categories":[27,19,32],"tags":[],"class_list":["post-2030","post","type-post","status-publish","format-standard","has-post-thumbnail","hentry","category-comunicacion","category-personas","category-tecnicas-de-limpieza-covid"],"aioseo_notices":[],"_links":{"self":[{"href":"https:\/\/www.mullor.com\/ca\/wp-json\/wp\/v2\/posts\/2030","targetHints":{"allow":["GET"]}}],"collection":[{"href":"https:\/\/www.mullor.com\/ca\/wp-json\/wp\/v2\/posts"}],"about":[{"href":"https:\/\/www.mullor.com\/ca\/wp-json\/wp\/v2\/types\/post"}],"author":[{"embeddable":true,"href":"https:\/\/www.mullor.com\/ca\/wp-json\/wp\/v2\/users\/6"}],"replies":[{"embeddable":true,"href":"https:\/\/www.mullor.com\/ca\/wp-json\/wp\/v2\/comments?post=2030"}],"version-history":[{"count":8,"href":"https:\/\/www.mullor.com\/ca\/wp-json\/wp\/v2\/posts\/2030\/revisions"}],"predecessor-version":[{"id":2195,"href":"https:\/\/www.mullor.com\/ca\/wp-json\/wp\/v2\/posts\/2030\/revisions\/2195"}],"wp:featuredmedia":[{"embeddable":true,"href":"https:\/\/www.mullor.com\/ca\/wp-json\/wp\/v2\/media\/2032"}],"wp:attachment":[{"href":"https:\/\/www.mullor.com\/ca\/wp-json\/wp\/v2\/media?parent=2030"}],"wp:term":[{"taxonomy":"category","embeddable":true,"href":"https:\/\/www.mullor.com\/ca\/wp-json\/wp\/v2\/categories?post=2030"},{"taxonomy":"post_tag","embeddable":true,"href":"https:\/\/www.mullor.com\/ca\/wp-json\/wp\/v2\/tags?post=2030"}],"curies":[{"name":"wp","href":"https:\/\/api.w.org\/{rel}","templated":true}]}}