{"id":2354,"date":"2021-05-24T19:12:00","date_gmt":"2021-05-24T17:12:00","guid":{"rendered":"https:\/\/www.mullor.com\/?p=2354"},"modified":"2021-09-05T19:09:24","modified_gmt":"2021-09-05T17:09:24","slug":"2021-el-ano-de-la-ambicion-climatica","status":"publish","type":"post","link":"https:\/\/www.mullor.com\/ca\/2021-el-ano-de-la-ambicion-climatica\/","title":{"rendered":"2021: el a\u00f1o de la ambici\u00f3n clim\u00e1tica"},"content":{"rendered":"<p>Este 2021, es el a\u00f1o de la&nbsp;<strong>ambici\u00f3n clim\u00e1tica<\/strong>&nbsp;y Mullor, como empresa comprometida con el Medio Ambiente y adherida al Pacto Mundial de Naciones Unidas, hacemos extensivo el llamamiento que realiza el&nbsp;<strong>Pacto Mundial de Naciones Unidas &#8211; Red espa\u00f1ola<\/strong>&nbsp;a los l\u00edderes empresariales para sumar sus compromisos en acci\u00f3n y una gran ambici\u00f3n por el clima.<\/p>\n\n\n\n<div class=\"wp-block-image\"><figure class=\"alignright size-large\"><img fetchpriority=\"high\" decoding=\"async\" width=\"500\" height=\"332\" src=\"https:\/\/www.mullor.com\/wp-content\/uploads\/2021\/05\/ambicion-climatica.jpg\" alt=\"\" class=\"wp-image-2359\" srcset=\"https:\/\/www.mullor.com\/wp-content\/uploads\/2021\/05\/ambicion-climatica.jpg 500w, https:\/\/www.mullor.com\/wp-content\/uploads\/2021\/05\/ambicion-climatica-300x199.jpg 300w, https:\/\/www.mullor.com\/wp-content\/uploads\/2021\/05\/ambicion-climatica-16x12.jpg 16w\" sizes=\"(max-width: 500px) 100vw, 500px\" \/><\/figure><\/div>\n\n\n\n<p>La ciencia nos impulsa a la transici\u00f3n hacia una econom\u00eda neutra en carbono a nivel mundial. El sector empresarial espa\u00f1ol est\u00e1 trabajando en ello, lo que supone una gran oportunidad de transformaci\u00f3n a pr\u00e1cticamente todos los sectores.<\/p>\n\n\n\n<p>Si quieres descubrir c\u00f3mo las empresas espa\u00f1olas est\u00e1n demostrando y liderando el camino hacia la descarbonizaci\u00f3n de la econom\u00eda, alineando sus objetivos con los compromisos europeos e internacionales como el acuerdo de Par\u00eds, la recuperaci\u00f3n econ\u00f3mica de la mano del Green New Deal y la emergencia clim\u00e1tica, <strong>el pr\u00f3ximo 03\/06 tendr\u00e1 lugar&nbsp;la presentaci\u00f3n del \u00abAnuario 2021:&nbsp;Acci\u00f3n clim\u00e1tica empresarial\u00bb en una sesi\u00f3n online abierta a toda persona interesada. <\/strong><\/p>\n\n\n\n<p>A trav\u00e9s del informe conocer\u00e1s un resumen de las iniciativas que est\u00e1n realizando las empresas de Espa\u00f1a para lograr la neutralidad en carbono en los pr\u00f3ximos a\u00f1os, fijando objetivos de reducci\u00f3n de emisiones en el corto, medio y largo plazo. Algunas iniciativas que pueden encontrarse son:<\/p>\n\n\n\n<ul class=\"wp-block-list\"><li>Evoluci\u00f3n de los Objetivos Basado en Ciencia &#8211; Science Based Targets \u2013 SBTi<\/li><li>Business Ambitions for 1,5 \u00baC \u2013 Our only Future<\/li><li>Resultados de empresas espa\u00f1olas en \u00cdndice CDP Cambio Clim\u00e1tico 2020<\/li><li>Otras iniciativas Empresariales: We Mean Business, Climate Pledge, Climate Action 100+<\/li><li>Camino a la COP26: Campa\u00f1a Race to Zero y Recover Better<\/li><\/ul>\n\n\n\n<blockquote class=\"wp-block-quote is-layout-flow wp-block-quote-is-layout-flow\"><p><strong>La presentaci\u00f3n se har\u00e1 v\u00eda online el pr\u00f3ximo 3 de junio de 12:00h a 13:00h. Para registrarse pod\u00e9is hacerlo en este enlace de Zoom. La actividad es abierta y sin coste de inscripci\u00f3n.<\/strong><\/p><\/blockquote>\n\n\n\n<p><\/p>\n\n\n\n<p>\u00a1Os esperamos el d\u00eda 3 a las 12h!<\/p>","protected":false},"excerpt":{"rendered":"<p>El pr\u00f3ximo 3 de junio a las 12h se presenta, v\u00eda online y en abierto, el \u00abAnuario 2021: Acci\u00f3n clim\u00e1tica empresarial\u00bb. Os invitamos a participar.<\/p>","protected":false},"author":6,"featured_media":2356,"comment_status":"open","ping_status":"open","sticky":false,"template":"","format":"standard","meta":{"footnotes":""},"categories":[27,25],"tags":[67,41],"class_list":["post-2354","post","type-post","status-publish","format-standard","has-post-thumbnail","hentry","category-comunicacion","category-rse","tag-accion-climatica","tag-responsabilidad-social"],"aioseo_notices":[],"_links":{"self":[{"href":"https:\/\/www.mullor.com\/ca\/wp-json\/wp\/v2\/posts\/2354","targetHints":{"allow":["GET"]}}],"collection":[{"href":"https:\/\/www.mullor.com\/ca\/wp-json\/wp\/v2\/posts"}],"about":[{"href":"https:\/\/www.mullor.com\/ca\/wp-json\/wp\/v2\/types\/post"}],"author":[{"embeddable":true,"href":"https:\/\/www.mullor.com\/ca\/wp-json\/wp\/v2\/users\/6"}],"replies":[{"embeddable":true,"href":"https:\/\/www.mullor.com\/ca\/wp-json\/wp\/v2\/comments?post=2354"}],"version-history":[{"count":8,"href":"https:\/\/www.mullor.com\/ca\/wp-json\/wp\/v2\/posts\/2354\/revisions"}],"predecessor-version":[{"id":2602,"href":"https:\/\/www.mullor.com\/ca\/wp-json\/wp\/v2\/posts\/2354\/revisions\/2602"}],"wp:featuredmedia":[{"embeddable":true,"href":"https:\/\/www.mullor.com\/ca\/wp-json\/wp\/v2\/media\/2356"}],"wp:attachment":[{"href":"https:\/\/www.mullor.com\/ca\/wp-json\/wp\/v2\/media?parent=2354"}],"wp:term":[{"taxonomy":"category","embeddable":true,"href":"https:\/\/www.mullor.com\/ca\/wp-json\/wp\/v2\/categories?post=2354"},{"taxonomy":"post_tag","embeddable":true,"href":"https:\/\/www.mullor.com\/ca\/wp-json\/wp\/v2\/tags?post=2354"}],"curies":[{"name":"wp","href":"https:\/\/api.w.org\/{rel}","templated":true}]}}