{"id":2562,"date":"2021-09-16T09:50:00","date_gmt":"2021-09-16T07:50:00","guid":{"rendered":"https:\/\/www.mullor.com\/?p=2562"},"modified":"2025-11-07T14:19:41","modified_gmt":"2025-11-07T13:19:41","slug":"dia-internacional-de-la-preservacion-de-la-capa-de-ozono","status":"publish","type":"post","link":"https:\/\/www.mullor.com\/ca\/dia-internacional-de-la-preservacion-de-la-capa-de-ozono\/","title":{"rendered":"D\u00eda Internacional de la Preservaci\u00f3n de la Capa de Ozono"},"content":{"rendered":"<p>Hoy&nbsp;16 de septiembre&nbsp;es el&nbsp;<strong><u><a href=\"https:\/\/www.un.org\/es\/observances\/ozone-day\" target=\"_blank\" rel=\"noreferrer noopener\" title=\"https:\/\/www.un.org\/es\/observances\/ozone-day\">D\u00eda Internacional de la Preservaci\u00f3n de la Capa de Ozono<\/a><\/u><\/strong>, para conmemorar el&nbsp;d\u00eda&nbsp;en que&nbsp;se&nbsp;firm\u00f3 en Montreal en 1987 el Protocolo relativo&nbsp;a&nbsp;las sustancias que agotan la&nbsp;<strong>capa de ozono<\/strong>&nbsp;(resoluci\u00f3n 49\/114, 19 de diciembre) y entr\u00f3 en vigor en 1989.<\/p>\n\n\n\n<p>El Protocolo de Montreal es un acuerdo ambiental internacional que logr\u00f3 ratificaci\u00f3n universal para proteger la capa de ozono de la tierra, con la meta de eliminar el uso de sustancias que agotan la capa de ozono (SAO). De otro modo, aumentar\u00eda el riesgo de que altos niveles de radiaci\u00f3n ultravioleta penetren en la tierra, lo que dar\u00eda lugar a una mayor incidencia de c\u00e1ncer de piel y cataratas oculares, afectar\u00eda los sistemas inmunol\u00f3gicos y tendr\u00eda efectos negativos en las cuencas hidrogr\u00e1ficas, las tierras agr\u00edcolas y los bosques.&nbsp;<\/p>\n\n\n\n<p>Desde su adopci\u00f3n en 1987 y a partir de finales de 2014, se ha eliminado con \u00e9xito m\u00e1s del 98% de las SAO controladas, lo que ha ayudado a revertir los da\u00f1os a la capa de ozono. Un beneficio colateral muy importante es que, por ejempolo durante el per\u00edodo 1989-2013, se redujeron las emisiones acumuladas de CO2 en&nbsp;135.000 millones de toneladas. Sin embargo, siguen existiendo retos importantes. La transici\u00f3n de los CFC (alto potencial de agotamiento de la capa de ozono, o PAO) a los HCFC intermedios (con un PAO m\u00e1s bajo) se ha completado, y la transici\u00f3n final es pasar a alternativas que tienen un nivel PAO de cero.<\/p>\n\n\n\n<p><strong>El desaf\u00edo es desarrollar\/seleccionar alternativas (principalmente en refrigeraci\u00f3n, aire acondicionado y productos de espuma) que tambi\u00e9n sean amigables con el clima.<\/strong><\/p>\n\n\n\n<p>Las medidas de control y prohibici\u00f3n del uso de los compuestos destructores del ozono, que comenzaron en&nbsp;1987 con<strong>&nbsp;el Protocolo de Montreal<\/strong>, y se fueron endureciendo en la d\u00e9cada de los 90, en las sucesivas enmiendas al protocolo, han evitado probablemente una destrucci\u00f3n masiva de la capa de ozono, con los consiguientes da\u00f1os a personas y seres vivos en general.<\/p>\n\n\n\n<p>El 16 de septiembre de 2009, la Convenci\u00f3n de Viena y el Protocolo de Montreal se convirtieron en los primeros tratados de la historia de las Naciones Unidas en lograr la ratificaci\u00f3n universal.<\/p>\n\n\n\n<p>Las Partes en el Protocolo de Montreal relativo a las sustancias que agotan la capa de ozono llegaron a un acuerdo en su 28\u00aa Reuni\u00f3n de las Partes el 15 de octubre de 2016 en Kigali, Rwanda, para eliminar gradualmente los hidrofluorocarbonos (HFC).<\/p>\n\n\n\n<p>Conviene recordar algunos h\u00e1bitos, la concienciaci\u00f3n de cada uno de nosotros es b\u00e1sica.<\/p>\n\n\n\n<h2 class=\"wp-block-heading\">\u00bfQu\u00e9 h\u00e1bitos debemos seguir para su cuidado?&nbsp;<\/h2>\n\n\n\n<p>Algunos de los h\u00e1bitos que podemos incorporar tanto a nivel personal como en nuestra empresa son:<\/p>\n\n\n\n<ul class=\"wp-block-list\"><li>Evita&nbsp; la compra y posterior consumo de los aerosoles o spray en cuya composici\u00f3n intervengan gases clorofluorocarbonos (CFC),<\/li><li>No usar&nbsp; extintores que contengan halones, sustancia muy agresiva para la&nbsp;<strong>capa de ozono.<\/strong><\/li><li>Llevar a cabo un buen&nbsp;mantenimiento del aire acondicionado<strong>,<\/strong>&nbsp;de lo contrario permitir\u00e1s que el CFC pueda llegar a la atm\u00f3sfera.<\/li><li>Compra&nbsp;<strong>bombillas de menor consumo<\/strong><\/li><\/ul>\n\n\n\n<p>En el Grupo Mullor mantenemos el <a href=\"https:\/\/www.mullor.com\/ca\/responsabilidad-social-corporativa\/nuestros-aliados\/\" target=\"_blank\" rel=\"noreferrer noopener\" title=\"https:\/\/www.mullor.com\/responsabilidad-social-corporativa\/nuestros-aliados\/\">m\u00e1ximo compromiso<\/a> con la preservaci\u00f3n de la Capa de Ozono y por eso establecemos buenas pr\u00e1cticas medioambientales dentro de la empresa y lo tenemos muy en cuenta en los servicios que prestamos en nuestras <a href=\"https:\/\/www.mullor.com\/ca\/sobre-mullor\/nuestros-clientes\/\" target=\"_blank\" rel=\"noreferrer noopener\" title=\"https:\/\/www.mullor.com\/sobre-mullor\/nuestros-clientes\/\">empresas clientes<\/a>. Este blog tambi\u00e9n trata de ser un punto de encuentro de buenas pr\u00e1cticas de limpieza e higiene y de <a href=\"https:\/\/www.mullor.com\/ca\/implicaciones-de-la-nueva-ley-de-cambio-climatico-y-transicion-energetica-para-las-empresas\/\" target=\"_blank\" rel=\"noreferrer noopener\" title=\"https:\/\/www.mullor.com\/implicaciones-de-la-nueva-ley-de-cambio-climatico-y-transicion-energetica-para-las-empresas\/\">concienciaci\u00f3n<\/a> que ayuden a la preservaci\u00f3n de la capa de ozono.<\/p>\n\n\n\n<p>Entre todos lo haremos posible.<\/p>\n\n\n\n<pre class=\"wp-block-preformatted\">Cr\u00e9ditos de la foto del post: <a href=\"https:\/\/www.un.org\/es\/observances\/ozone-day\" target=\"_blank\" rel=\"noreferrer noopener\">ONU\/N. Kollar<\/a>. <\/pre>","protected":false},"excerpt":{"rendered":"<p>Hoy 16 de septiembre es el D\u00eda Internacional de la Preservaci\u00f3n de la Capa de Ozono. En este art\u00edculo os damos algunos h\u00e1bitos que podemos incorporar para su cuidado.<\/p>","protected":false},"author":6,"featured_media":2565,"comment_status":"open","ping_status":"open","sticky":false,"template":"","format":"standard","meta":{"footnotes":""},"categories":[27,25],"tags":[73,41],"class_list":["post-2562","post","type-post","status-publish","format-standard","has-post-thumbnail","hentry","category-comunicacion","category-rse","tag-cambio-climatico","tag-responsabilidad-social"],"aioseo_notices":[],"_links":{"self":[{"href":"https:\/\/www.mullor.com\/ca\/wp-json\/wp\/v2\/posts\/2562","targetHints":{"allow":["GET"]}}],"collection":[{"href":"https:\/\/www.mullor.com\/ca\/wp-json\/wp\/v2\/posts"}],"about":[{"href":"https:\/\/www.mullor.com\/ca\/wp-json\/wp\/v2\/types\/post"}],"author":[{"embeddable":true,"href":"https:\/\/www.mullor.com\/ca\/wp-json\/wp\/v2\/users\/6"}],"replies":[{"embeddable":true,"href":"https:\/\/www.mullor.com\/ca\/wp-json\/wp\/v2\/comments?post=2562"}],"version-history":[{"count":5,"href":"https:\/\/www.mullor.com\/ca\/wp-json\/wp\/v2\/posts\/2562\/revisions"}],"predecessor-version":[{"id":5125,"href":"https:\/\/www.mullor.com\/ca\/wp-json\/wp\/v2\/posts\/2562\/revisions\/5125"}],"wp:featuredmedia":[{"embeddable":true,"href":"https:\/\/www.mullor.com\/ca\/wp-json\/wp\/v2\/media\/2565"}],"wp:attachment":[{"href":"https:\/\/www.mullor.com\/ca\/wp-json\/wp\/v2\/media?parent=2562"}],"wp:term":[{"taxonomy":"category","embeddable":true,"href":"https:\/\/www.mullor.com\/ca\/wp-json\/wp\/v2\/categories?post=2562"},{"taxonomy":"post_tag","embeddable":true,"href":"https:\/\/www.mullor.com\/ca\/wp-json\/wp\/v2\/tags?post=2562"}],"curies":[{"name":"wp","href":"https:\/\/api.w.org\/{rel}","templated":true}]}}