{"id":357,"date":"2016-07-18T22:19:31","date_gmt":"2016-07-18T20:19:31","guid":{"rendered":"https:\/\/www.mullor.com\/?p=357"},"modified":"2021-06-02T02:52:29","modified_gmt":"2021-06-02T00:52:29","slug":"can-roger-y-mullor","status":"publish","type":"post","link":"https:\/\/www.mullor.com\/ca\/can-roger-y-mullor\/","title":{"rendered":"Can Roger y Mullor"},"content":{"rendered":"<p>Los descubrimos hace unos meses y acabamos de firmar un convenio de colaboraci\u00f3n con Can Roger.<\/p>\n<p>\u00bfY qu\u00e9 es Can Roger? Can Roger es tres espacios y a la vez uno.<\/p>\n<p><strong>Es Comedor Social<\/strong>\u00a0donde acogen a familias del barrio para ofrecerles la comida del mediod\u00eda.<\/p>\n<p><strong>Es Huerto<\/strong>\u00a0donde cultivan verduras y hortalizas diversas de temporada y de manera ecol\u00f3gica.<\/p>\n<p><strong>Es Arte<\/strong>\u00a0los diferentes espacios est\u00e1n pintados y decorados por los voluntarios y entendiendo el arte en su manera m\u00e1s amplia desde las pintura murales hasta la realizaci\u00f3n de conciertos, talleres, etc.<\/p>\n<p>Principalmente es solidaridad y un espacio participativo e innovador de todos aquellos que forman parte de este proyecto, tanto entidades como de voluntarios sin los cuales no se podr\u00eda llevar a cabo y al cual <strong>Mullor<\/strong> se ha sumado.<\/p>\n<p><img fetchpriority=\"high\" decoding=\"async\" class=\"aligncenter wp-image-358 size-full\" src=\"https:\/\/www.mullor.com\/wp-content\/uploads\/2019\/06\/CAN-ROGER-1.jpg\" alt=\"CAN-ROGER-1\" width=\"1328\" height=\"747\" srcset=\"https:\/\/www.mullor.com\/wp-content\/uploads\/2019\/06\/CAN-ROGER-1.jpg 1328w, https:\/\/www.mullor.com\/wp-content\/uploads\/2019\/06\/CAN-ROGER-1-300x169.jpg 300w, https:\/\/www.mullor.com\/wp-content\/uploads\/2019\/06\/CAN-ROGER-1-768x432.jpg 768w, https:\/\/www.mullor.com\/wp-content\/uploads\/2019\/06\/CAN-ROGER-1-1024x576.jpg 1024w, https:\/\/www.mullor.com\/wp-content\/uploads\/2019\/06\/CAN-ROGER-1-800x450.jpg 800w\" sizes=\"(max-width: 1328px) 100vw, 1328px\" \/><\/p>\n<p><img decoding=\"async\" class=\"aligncenter wp-image-359 size-full\" src=\"https:\/\/www.mullor.com\/wp-content\/uploads\/2019\/06\/CAN-ROGER-2.jpg\" alt=\"CAN-ROGER-2\" width=\"747\" height=\"1328\" srcset=\"https:\/\/www.mullor.com\/wp-content\/uploads\/2019\/06\/CAN-ROGER-2.jpg 747w, https:\/\/www.mullor.com\/wp-content\/uploads\/2019\/06\/CAN-ROGER-2-169x300.jpg 169w, https:\/\/www.mullor.com\/wp-content\/uploads\/2019\/06\/CAN-ROGER-2-576x1024.jpg 576w\" sizes=\"(max-width: 747px) 100vw, 747px\" \/><\/p>\n<p><img decoding=\"async\" class=\"aligncenter wp-image-360 size-full\" src=\"https:\/\/www.mullor.com\/wp-content\/uploads\/2019\/06\/CAN-ROGER-3.jpg\" alt=\"CAN-ROGER-3\" width=\"1328\" height=\"747\" srcset=\"https:\/\/www.mullor.com\/wp-content\/uploads\/2019\/06\/CAN-ROGER-3.jpg 1328w, https:\/\/www.mullor.com\/wp-content\/uploads\/2019\/06\/CAN-ROGER-3-300x169.jpg 300w, https:\/\/www.mullor.com\/wp-content\/uploads\/2019\/06\/CAN-ROGER-3-768x432.jpg 768w, https:\/\/www.mullor.com\/wp-content\/uploads\/2019\/06\/CAN-ROGER-3-1024x576.jpg 1024w, https:\/\/www.mullor.com\/wp-content\/uploads\/2019\/06\/CAN-ROGER-3-800x450.jpg 800w\" sizes=\"(max-width: 1328px) 100vw, 1328px\" \/><\/p>\n<p>&nbsp;<\/p>","protected":false},"excerpt":{"rendered":"<p>Los descubrimos hace unos meses y acabamos de firmar un convenio de colaboraci\u00f3n con Can Roger. \u00bfY qu\u00e9 es Can Roger? Can Roger es tres espacios y a la vez uno. Es Comedor Social\u00a0donde acogen a familias del barrio para ofrecerles la comida del mediod\u00eda. Es Huerto\u00a0donde cultivan verduras y hortalizas diversas de temporada y de manera ecol\u00f3gica. Es Arte\u00a0los<\/p>\n<p><a class=\"more-link\" href=\"https:\/\/www.mullor.com\/ca\/can-roger-y-mullor\/\">Read More<\/a><\/p>","protected":false},"author":6,"featured_media":361,"comment_status":"open","ping_status":"open","sticky":false,"template":"","format":"standard","meta":{"footnotes":""},"categories":[27,25],"tags":[],"class_list":["post-357","post","type-post","status-publish","format-standard","has-post-thumbnail","hentry","category-comunicacion","category-rse"],"aioseo_notices":[],"_links":{"self":[{"href":"https:\/\/www.mullor.com\/ca\/wp-json\/wp\/v2\/posts\/357","targetHints":{"allow":["GET"]}}],"collection":[{"href":"https:\/\/www.mullor.com\/ca\/wp-json\/wp\/v2\/posts"}],"about":[{"href":"https:\/\/www.mullor.com\/ca\/wp-json\/wp\/v2\/types\/post"}],"author":[{"embeddable":true,"href":"https:\/\/www.mullor.com\/ca\/wp-json\/wp\/v2\/users\/6"}],"replies":[{"embeddable":true,"href":"https:\/\/www.mullor.com\/ca\/wp-json\/wp\/v2\/comments?post=357"}],"version-history":[{"count":2,"href":"https:\/\/www.mullor.com\/ca\/wp-json\/wp\/v2\/posts\/357\/revisions"}],"predecessor-version":[{"id":363,"href":"https:\/\/www.mullor.com\/ca\/wp-json\/wp\/v2\/posts\/357\/revisions\/363"}],"wp:featuredmedia":[{"embeddable":true,"href":"https:\/\/www.mullor.com\/ca\/wp-json\/wp\/v2\/media\/361"}],"wp:attachment":[{"href":"https:\/\/www.mullor.com\/ca\/wp-json\/wp\/v2\/media?parent=357"}],"wp:term":[{"taxonomy":"category","embeddable":true,"href":"https:\/\/www.mullor.com\/ca\/wp-json\/wp\/v2\/categories?post=357"},{"taxonomy":"post_tag","embeddable":true,"href":"https:\/\/www.mullor.com\/ca\/wp-json\/wp\/v2\/tags?post=357"}],"curies":[{"name":"wp","href":"https:\/\/api.w.org\/{rel}","templated":true}]}}