{"id":4290,"date":"2023-02-19T20:59:37","date_gmt":"2023-02-19T19:59:37","guid":{"rendered":"https:\/\/www.mullor.com\/?p=4290"},"modified":"2023-02-19T21:14:24","modified_gmt":"2023-02-19T20:14:24","slug":"compromiso-con-el-talento-y-la-igualdad-de-oportunidades","status":"publish","type":"post","link":"https:\/\/www.mullor.com\/ca\/compromiso-con-el-talento-y-la-igualdad-de-oportunidades\/","title":{"rendered":"Compromiso con el Talento y la Igualdad de Oportunidades"},"content":{"rendered":"<p>El pasado 27 de enero en la <a href=\"http:\/\/www.uic.es\/es\" target=\"_blank\" rel=\"noopener\" title=\"Universidad Internacional de Catalunya (UIC)\">Universidad Internacional de Catalunya (UIC)<\/a> en Barcelona se celebr\u00f3 el Acto de entrega de las becas del curso 2022-2023 en el Aula Magna de la Universidad, en las que <a href=\"https:\/\/www.mullor.com\/ca\/responsabilidad-social-corporativa\/nuestros-proyectos\/\" target=\"_blank\" rel=\"noopener\" title=\"Els nostres Projectes\">colaboramos como Mullor desde hace 3 a\u00f1os<\/a> y que premian el talento y la igualdad de oportunidades.<\/p>\n\n\n\n<p>El acontecimiento, organizado por segundo a\u00f1o consecutivo en el marco de la festividad de San Tom\u00e1s de Aquino, patr\u00f3n de las universidades, <strong>pone en el centro a las personas estudiantes y reconoce su excelencia acad\u00e9mica<\/strong>, con lo cual se favorece la igualdad de oportunidades.<\/p>\n\n\n\n<p>Al acto acudieron m\u00e1s de 140 alumnos que fueron convocados entre los m\u00e1s de 1.000 alumno\/as becado\/as de UIC Barcelona. Las personas alumnas fueron representadas por Ignacio Lourdes, estudiando del grado en Administraci\u00f3n y Direcci\u00f3n de Empresas, y por Laura Guix, alumni de Periodismo de la promoci\u00f3n 2021-2022 que agradecieron a las empresas y a la Universidad apostar por el talento joven.<\/p>\n\n\n\n<figure class=\"wp-block-image size-full\"><img fetchpriority=\"high\" decoding=\"async\" width=\"960\" height=\"500\" src=\"https:\/\/www.mullor.com\/wp-content\/uploads\/2023\/02\/BECAS-UIC-2023.jpg\" alt=\"Premio al talento en las becas UIC 2023. Premiados y rector de la univerdad\" class=\"wp-image-4293\" srcset=\"https:\/\/www.mullor.com\/wp-content\/uploads\/2023\/02\/BECAS-UIC-2023.jpg 960w, https:\/\/www.mullor.com\/wp-content\/uploads\/2023\/02\/BECAS-UIC-2023-300x156.jpg 300w, https:\/\/www.mullor.com\/wp-content\/uploads\/2023\/02\/BECAS-UIC-2023-768x400.jpg 768w, https:\/\/www.mullor.com\/wp-content\/uploads\/2023\/02\/BECAS-UIC-2023-18x9.jpg 18w, https:\/\/www.mullor.com\/wp-content\/uploads\/2023\/02\/BECAS-UIC-2023-800x417.jpg 800w\" sizes=\"(max-width: 960px) 100vw, 960px\" \/><\/figure>\n\n\n\n<p><\/p>\n\n\n\n<p>As\u00ed mismo, a la entrega de becas asistieron representantes de las empresas que han contribuido en el \u00faltimo curso en el programa de becas y ayudas de la Universidad y que entregaron en mano a los alumnos el diploma que acredita su beca. Este a\u00f1o han participado: <\/p>\n\n\n\n<ul class=\"wp-block-list\">\n<li>Centro de Oftalmolog\u00eda Barraquer, <\/li>\n\n\n\n<li>Fundaci\u00f3n Damm, <\/li>\n\n\n\n<li>Fundaci\u00f3n Maria Pou\u2013Lunet, <\/li>\n\n\n\n<li>Fundaci\u00f3n Maria Teresa Rod\u00f3, <\/li>\n\n\n\n<li>Mullor Facility Services, <\/li>\n\n\n\n<li>Santander Universidades y <\/li>\n\n\n\n<li>Torrella Ingenier\u00eda-Arquitectura.<\/li>\n<\/ul>\n\n\n\n<p>En representaci\u00f3n de las empresas habl\u00f3 Mat\u00edas Rodr\u00edguez Inciarte, presidente de Santander Universidades y vicepresidente de Universia.<\/p>\n\n\n\n<p>El acto lo abri\u00f3 el rector de UIC Barcelona, Alfonso M\u00e9ndiz, que <strong>agradeci\u00f3 a las empresas su contribuci\u00f3n en el programa de becas y ayudas<\/strong>, y lo cerr\u00f3 la vicerrectora de Comunidad Universitaria, Esther Jim\u00e9nez, que se dirigi\u00f3 al alumnado becado para felicitarles y animarles a seguir en su trayectoria en favor de la excelencia. <\/p>\n\n\n\n<p>El programa de becas y ayudas se enmarca en la campa\u00f1a anual #CapTalentSenseFutur, que este curso ha girado bajo el lema \u201cTodo empieza contigo\u201d.<\/p>","protected":false},"excerpt":{"rendered":"<p>El pasado 27 de enero en la UIC Barcelona se celebr\u00f3 el acto de entrega de las becas del curso 2022-2023 en las que colaboramos como Mullor desde hace 3 a\u00f1os. <\/p>","protected":false},"author":6,"featured_media":4291,"comment_status":"open","ping_status":"open","sticky":false,"template":"","format":"standard","meta":{"footnotes":""},"categories":[27,25],"tags":[109,58],"class_list":["post-4290","post","type-post","status-publish","format-standard","has-post-thumbnail","hentry","category-comunicacion","category-rse","tag-becas","tag-uic"],"aioseo_notices":[],"_links":{"self":[{"href":"https:\/\/www.mullor.com\/ca\/wp-json\/wp\/v2\/posts\/4290","targetHints":{"allow":["GET"]}}],"collection":[{"href":"https:\/\/www.mullor.com\/ca\/wp-json\/wp\/v2\/posts"}],"about":[{"href":"https:\/\/www.mullor.com\/ca\/wp-json\/wp\/v2\/types\/post"}],"author":[{"embeddable":true,"href":"https:\/\/www.mullor.com\/ca\/wp-json\/wp\/v2\/users\/6"}],"replies":[{"embeddable":true,"href":"https:\/\/www.mullor.com\/ca\/wp-json\/wp\/v2\/comments?post=4290"}],"version-history":[{"count":10,"href":"https:\/\/www.mullor.com\/ca\/wp-json\/wp\/v2\/posts\/4290\/revisions"}],"predecessor-version":[{"id":4305,"href":"https:\/\/www.mullor.com\/ca\/wp-json\/wp\/v2\/posts\/4290\/revisions\/4305"}],"wp:featuredmedia":[{"embeddable":true,"href":"https:\/\/www.mullor.com\/ca\/wp-json\/wp\/v2\/media\/4291"}],"wp:attachment":[{"href":"https:\/\/www.mullor.com\/ca\/wp-json\/wp\/v2\/media?parent=4290"}],"wp:term":[{"taxonomy":"category","embeddable":true,"href":"https:\/\/www.mullor.com\/ca\/wp-json\/wp\/v2\/categories?post=4290"},{"taxonomy":"post_tag","embeddable":true,"href":"https:\/\/www.mullor.com\/ca\/wp-json\/wp\/v2\/tags?post=4290"}],"curies":[{"name":"wp","href":"https:\/\/api.w.org\/{rel}","templated":true}]}}