{"id":4776,"date":"2024-05-27T19:51:08","date_gmt":"2024-05-27T17:51:08","guid":{"rendered":"https:\/\/www.mullor.com\/?p=4776"},"modified":"2024-05-27T19:51:09","modified_gmt":"2024-05-27T17:51:09","slug":"congres-catala-de-sostenibilitat","status":"publish","type":"post","link":"https:\/\/www.mullor.com\/ca\/congres-catala-de-sostenibilitat\/","title":{"rendered":"II Congr\u00e9s Catal\u00e0 de Sostenibilitat"},"content":{"rendered":"<p>El pr\u00f3ximo 4 de junio se celebrar\u00e1 el <strong>2\u00ba Congreso de Sostenibilidad<\/strong> en Barcelona y de la mano del Colegio de Censores Jurados de Cuentas y el Colegio de Economistas.<\/p>\n\n\n\n<p>Se compartir\u00e1 las actualizaciones de la normativa de sostenibilidad \u2013 ESG a nivel europeo y de Espa\u00f1a. Igualmente se tendr\u00e1 la posibilidad de participar en varias sesiones de trabajo. Tras la comida habr\u00e1 una mesa redonda sobre los retos de la transposici\u00f3n de la directiva europea de informaci\u00f3n corporativa sobre <a href=\"https:\/\/www.mullor.com\/ca\/comunicando-el-progreso-2021-pacto-naciones-unidas\/\" target=\"_blank\" rel=\"noopener\" title=\"\u00abComunicando el PROGRESO 2021\u00bb \u2013 Pacto Naciones Unidas\">sostenibilidad<\/a>.<\/p>\n\n\n\n<p>En el congreso encontrar\u00e9is:<\/p>\n\n\n\n<ul class=\"wp-block-list\">\n<li>Ponencia sobre la actualizaci\u00f3n de la normativa en sostenibilidad.<\/li>\n\n\n\n<li>Sesiones de trabajo:\n<ul class=\"wp-block-list\">\n<li>C\u00f3mo evitar el <em>greenwashing<\/em> en sostenibilidad: papel de los reporteros y de los verificadores<\/li>\n\n\n\n<li>Econom\u00eda circular, mecanismo de ajuste en frontera por carbono y financiaci\u00f3n verde: aplicaci\u00f3n pr\u00e1ctica<\/li>\n\n\n\n<li>\u00bfC\u00f3mo afrontan y c\u00f3mo se est\u00e1n preparando las empresas ante los retos del ESG?<\/li>\n<\/ul>\n<\/li>\n\n\n\n<li>Almuerzo <em>networking<\/em><\/li>\n\n\n\n<li>Mesa redonda sobre los retos de la transposici\u00f3n de la directiva europea de informaci\u00f3n corporativa sobre sostenibilidad.<\/li>\n<\/ul>\n\n\n\n<p>El congreso tendr\u00e1 lugar durante el pr\u00f3ximo d\u00eda 4 en el campus UOC de la calle Per\u00fa de Barcelona. Si est\u00e1s interesado <a href=\"https:\/\/www.auditorscensors.com\/ca\/ii-congres-catala-de-sostenibilitat\" target=\"_blank\" rel=\"noopener\" title=\"consulta esta p\u00e1gina\">consulta esta p\u00e1gina<\/a> d\u00f3nde encontrar\u00e1s m\u00e1s informaci\u00f3n y el enlace para inscribirte.<\/p>\n\n\n\n<p>Asistiremos con todo el inter\u00e9s en participar y aprender de las mejores pr\u00e1cticas, as\u00ed como de las novedades legislativas y de reporting.<\/p>","protected":false},"excerpt":{"rendered":"<p>El pr\u00f3ximo 4 de junio tiene lugar el 2\u00ba Congreso de Sostenibilidad en Barcelona al que asistiremos con el fin de conocer las actualizaciones de la normativa ESG.<\/p>","protected":false},"author":6,"featured_media":4778,"comment_status":"open","ping_status":"open","sticky":false,"template":"","format":"standard","meta":{"footnotes":""},"categories":[27],"tags":[128,126,92],"class_list":["post-4776","post","type-post","status-publish","format-standard","has-post-thumbnail","hentry","category-comunicacion","tag-congreso","tag-respon-cat","tag-sostenibilidad"],"aioseo_notices":[],"_links":{"self":[{"href":"https:\/\/www.mullor.com\/ca\/wp-json\/wp\/v2\/posts\/4776","targetHints":{"allow":["GET"]}}],"collection":[{"href":"https:\/\/www.mullor.com\/ca\/wp-json\/wp\/v2\/posts"}],"about":[{"href":"https:\/\/www.mullor.com\/ca\/wp-json\/wp\/v2\/types\/post"}],"author":[{"embeddable":true,"href":"https:\/\/www.mullor.com\/ca\/wp-json\/wp\/v2\/users\/6"}],"replies":[{"embeddable":true,"href":"https:\/\/www.mullor.com\/ca\/wp-json\/wp\/v2\/comments?post=4776"}],"version-history":[{"count":3,"href":"https:\/\/www.mullor.com\/ca\/wp-json\/wp\/v2\/posts\/4776\/revisions"}],"predecessor-version":[{"id":4781,"href":"https:\/\/www.mullor.com\/ca\/wp-json\/wp\/v2\/posts\/4776\/revisions\/4781"}],"wp:featuredmedia":[{"embeddable":true,"href":"https:\/\/www.mullor.com\/ca\/wp-json\/wp\/v2\/media\/4778"}],"wp:attachment":[{"href":"https:\/\/www.mullor.com\/ca\/wp-json\/wp\/v2\/media?parent=4776"}],"wp:term":[{"taxonomy":"category","embeddable":true,"href":"https:\/\/www.mullor.com\/ca\/wp-json\/wp\/v2\/categories?post=4776"},{"taxonomy":"post_tag","embeddable":true,"href":"https:\/\/www.mullor.com\/ca\/wp-json\/wp\/v2\/tags?post=4776"}],"curies":[{"name":"wp","href":"https:\/\/api.w.org\/{rel}","templated":true}]}}