{"id":4811,"date":"2024-06-09T19:08:16","date_gmt":"2024-06-09T17:08:16","guid":{"rendered":"https:\/\/www.mullor.com\/?p=4811"},"modified":"2024-06-09T19:17:24","modified_gmt":"2024-06-09T17:17:24","slug":"como-afrontan-las-empresas-los-retos-de-la-esg","status":"publish","type":"post","link":"https:\/\/www.mullor.com\/ca\/como-afrontan-las-empresas-los-retos-de-la-esg\/","title":{"rendered":"C\u00f3mo afrontan las empresas los retos de la ESG"},"content":{"rendered":"<p>C\u00f3mo ya inform\u00e1bamos hace unos d\u00edas en este mismo blog, el pasado 4 de junio fuimos invitados al \u00ab<a href=\"https:\/\/www.mullor.com\/ca\/congres-catala-de-sostenibilitat\/\" target=\"_blank\" rel=\"noopener\" title=\"II Congr\u00e9s Catal\u00e0 de Sostenibilitat\">II Congr\u00e9s Catal\u00e0 de Sostenibilitat<\/a>\u00bb que en esta edici\u00f3n planteaba poner de manifiesto que la lucha contra el \u00abgreenwashing\u00bb y el \u00absocialwashing\u00bb requerir\u00e1 de numerosos expertos cualificados en el \u00e1mbito de la sostenibilidad.<\/p>\n\n\n\n<p>En este sentido nuestra Consejera Delegada, Merc\u00e8 Mullor, particip\u00f3 en la mesa \u00ab\u00bfC\u00f3mo afrontan y c\u00f3mo se est\u00e1n preparando las empresas ante los retos de la ESG?\u00bb &#8211; <em>Environmental (medio ambiente), Social (sociedad) y Governance (gobierno corporativo)<\/em> &#8211; junto a  <strong>M\u00edriam Porres Faba<\/strong>, directora de RSC de Sorigu\u00e9, <strong>Josep Maria Canyelles<\/strong>, coordinador de respon.cat, <strong>Mireia Hernan Gago<\/strong>, directora de estrategia y rendici\u00f3n de cuentas de Aig\u00fces de Barcelona, y que coordin\u00f3 <strong>Xavier Cardona<\/strong>, director general\u00a0del Col\u00b7legi de Censors Jurats de Comptes de Catalunya.<\/p>\n\n\n\n<p>En la mesa pudimos compartir experiencias y se puso de manifiesto que la sostenibilidad es un eje fundamental del presente y del futuro de las empresas. Y, entre todos los participantes, tuvimos la oportunidad de compartir casos reales. <\/p>\n\n\n\n<p>Estamos muy agradecidos al\u00a0<a href=\"https:\/\/www.coleconomistes.cat\/Paginas\/Ficha.aspx?IdMenu=a2238bd0-3048-4d9d-ab8c-c91c6fdfd475&amp;Idioma=ca-ES\" target=\"_blank\" rel=\"noopener\" title=\"Col\u00b7legi d'Economistes de Catalunya\">Col\u00b7legi d&#8217;Economistes de Catalunya<\/a>\u00a0y al\u00a0<a href=\"https:\/\/www.auditorscensors.com\/\" target=\"_blank\" rel=\"noopener\" title=\"Col\u00b7legi de Censors Jurats de Comptes de Catalunya\">Col\u00b7legi de Censors Jurats de Comptes de Catalunya<\/a>\u00a0por la organizaci\u00f3n del II Congreso de Sostenibilidad y por la invitaci\u00f3n. Queremos, tambi\u00e9n, felicitar a todos los\u00a0participantes\u00a0y ponentes por las reflexiones y aprendizajes expuestos.\u00a0<\/p>\n\n\n\n<p>Os dejamos <a href=\"https:\/\/www.coleconomistes.cat\/Canales\/Ficha.aspx?IdMenu=899e482a-f1b2-4ab3-aa89-b0d1fd4be788&amp;Cod=53b3e5ca-0528-4c7b-b856-9b41a0bdaa2e&amp;Idioma=ca-ES\" target=\"_blank\" rel=\"noopener\" title=\"el art\u00edculo que se ha publicado\">el art\u00edculo que se ha publicado<\/a> en la web del Col\u00b7legi d&#8217;Economistes de Catalunya con un breve resumen de lo que se vivi\u00f3 el d\u00eda 4.<\/p>","protected":false},"excerpt":{"rendered":"<p>El pasado d\u00eda 4 de junio participamos en la mesa sobre los retos de las empresas en la ESG dentro del Congr\u00e9s Catal\u00e0 de Sostenibilitat d\u00f3nde compartimos casos reales.<\/p>","protected":false},"author":6,"featured_media":4813,"comment_status":"open","ping_status":"open","sticky":false,"template":"","format":"standard","meta":{"footnotes":""},"categories":[27,25],"tags":[126,41,29],"class_list":["post-4811","post","type-post","status-publish","format-standard","has-post-thumbnail","hentry","category-comunicacion","category-rse","tag-respon-cat","tag-responsabilidad-social","tag-rse"],"aioseo_notices":[],"_links":{"self":[{"href":"https:\/\/www.mullor.com\/ca\/wp-json\/wp\/v2\/posts\/4811","targetHints":{"allow":["GET"]}}],"collection":[{"href":"https:\/\/www.mullor.com\/ca\/wp-json\/wp\/v2\/posts"}],"about":[{"href":"https:\/\/www.mullor.com\/ca\/wp-json\/wp\/v2\/types\/post"}],"author":[{"embeddable":true,"href":"https:\/\/www.mullor.com\/ca\/wp-json\/wp\/v2\/users\/6"}],"replies":[{"embeddable":true,"href":"https:\/\/www.mullor.com\/ca\/wp-json\/wp\/v2\/comments?post=4811"}],"version-history":[{"count":5,"href":"https:\/\/www.mullor.com\/ca\/wp-json\/wp\/v2\/posts\/4811\/revisions"}],"predecessor-version":[{"id":4820,"href":"https:\/\/www.mullor.com\/ca\/wp-json\/wp\/v2\/posts\/4811\/revisions\/4820"}],"wp:featuredmedia":[{"embeddable":true,"href":"https:\/\/www.mullor.com\/ca\/wp-json\/wp\/v2\/media\/4813"}],"wp:attachment":[{"href":"https:\/\/www.mullor.com\/ca\/wp-json\/wp\/v2\/media?parent=4811"}],"wp:term":[{"taxonomy":"category","embeddable":true,"href":"https:\/\/www.mullor.com\/ca\/wp-json\/wp\/v2\/categories?post=4811"},{"taxonomy":"post_tag","embeddable":true,"href":"https:\/\/www.mullor.com\/ca\/wp-json\/wp\/v2\/tags?post=4811"}],"curies":[{"name":"wp","href":"https:\/\/api.w.org\/{rel}","templated":true}]}}