{"id":1211,"date":"2017-07-27T08:29:20","date_gmt":"2017-07-27T06:29:20","guid":{"rendered":"https:\/\/www.mullor.com\/?p=1211"},"modified":"2021-06-02T02:52:28","modified_gmt":"2021-06-02T00:52:28","slug":"mullor-salt-casal-dels-infants","status":"publish","type":"post","link":"https:\/\/www.mullor.com\/en\/mullor-salt-casal-dels-infants\/","title":{"rendered":"Mullor en Salt con el Casal dels Infants"},"content":{"rendered":"<p>Desde hace m\u00e1s de 5 a\u00f1os Mullor, de acuerdo con sus pol\u00edticas de <a href=\"https:\/\/www.mullor.com\/en\/responsabilidad-social-corporativa\/\" target=\"_blank\" rel=\"noopener noreferrer\">Corporate Social Responsibility<\/a>, colabora activamente con programes de inserci\u00f3n laboral llevados a cabo por el Casal dels Infants, entidad social que trabaja en los barrios con m\u00e1s dificultades con j\u00f3venes en riesgo de exclusi\u00f3n social para generar el m\u00e1ximo de oportunidades y recursos para luchar contra la pobreza.<\/p>\n<p>Iniciamos nuestro camino con ellos en el barrio de la Mina de Sant Adri\u00e0 del Besos, provincia de Barcelona, impartiendo una formaci\u00f3n dual (teor\u00eda y pr\u00e1ctica) sobre Limpieza Industrial para j\u00f3venes. Los docentes son trabajadores y trabajadoras de Mullor expertos en las diferentes materias: productos qu\u00edmicos, t\u00e9cnicas de limpieza, maquinaria de limpieza, atenci\u00f3n al cliente, prevenci\u00f3n de riesgos laborales. Dado el \u00e9xito de la edici\u00f3n, se decidi\u00f3 ampliar tambi\u00e9n al barrio del Raval de Barcelona. Realizamos el mismo formato, impartiendo teor\u00eda espec\u00edfica del sector y en nuestros centros de trabajo realizando las pr\u00e1cticas. Adem\u00e1s particip\u00e1bamos en los cursos de CAMARERAS\/CAMAREROS DE PISO y por \u00faltimo CONTROL DE ACCESOS.<br \/>\nEn todas las ediciones se han producido inserciones laborales, algunas de ellas estables. Se ha detectado el talento y se ha apostado en algunos casos por la promoci\u00f3n en sus puestos de trabajo.<\/p>\n<p>Este a\u00f1o, por primera vez, se ha realizado el curso en Salt, una poblaci\u00f3n colindante con la ciudad de Girona donde El Casal dels Infants inici\u00f3 su colaboraci\u00f3n hace varios a\u00f1os y donde Mullor tiene presencia.<\/p>\n<p>Nos invitaron a seguir colaborando, y no hemos dudado en apuntarnos. Hemos impartido formaci\u00f3n relativa a limpieza hotelera, atenci\u00f3n al cliente, prevenci\u00f3n de riesgos laborales y medio ambiente. Ahora los chicos y chicas iniciar\u00e1n las pr\u00e1cticas en nuestros centros de trabajo ubicados en Girona.<\/p>\n<p>Con estas colaboraciones esperamos poder insertar a los j\u00f3venes en nuestra compa\u00f1\u00eda, ofreciendo formaci\u00f3n constante y una oportunidad laboral. Pero sobretodo, poder demostrar teniendo la experiencia de las ediciones pasadas tanto en la Mina como en el Raval que, con esfuerzo, constancia e ilusi\u00f3n, se puede hacer realidad el lema del Casal: La pobreza no es hereditaria.<\/p>\n<p><img fetchpriority=\"high\" decoding=\"async\" class=\"aligncenter size-full wp-image-1219\" src=\"https:\/\/www.mullor.com\/wp-content\/uploads\/2019\/08\/POST-16-FOTO-5.jpg\" alt=\"Mullor en Salt con el Casal dels Infants\" width=\"448\" height=\"251\" srcset=\"https:\/\/www.mullor.com\/wp-content\/uploads\/2019\/08\/POST-16-FOTO-5.jpg 448w, https:\/\/www.mullor.com\/wp-content\/uploads\/2019\/08\/POST-16-FOTO-5-300x168.jpg 300w\" sizes=\"(max-width: 448px) 100vw, 448px\" \/><\/p>\n<p><img decoding=\"async\" class=\"aligncenter size-full wp-image-1220\" src=\"https:\/\/www.mullor.com\/wp-content\/uploads\/2019\/08\/POST-16-FOTO-12.jpg\" alt=\"Mullor en Salt con el Casal dels Infants\" width=\"448\" height=\"251\" srcset=\"https:\/\/www.mullor.com\/wp-content\/uploads\/2019\/08\/POST-16-FOTO-12.jpg 448w, https:\/\/www.mullor.com\/wp-content\/uploads\/2019\/08\/POST-16-FOTO-12-300x168.jpg 300w\" sizes=\"(max-width: 448px) 100vw, 448px\" \/><\/p>","protected":false},"excerpt":{"rendered":"<p>Desde hace m\u00e1s de 5 a\u00f1os Mullor, de acuerdo con sus pol\u00edticas de Responsabilidad Social Corporativa, colabora activamente con programes de inserci\u00f3n laboral llevados a cabo por el Casal dels Infants, entidad social que trabaja en los barrios con m\u00e1s dificultades con j\u00f3venes en riesgo de exclusi\u00f3n social para generar el m\u00e1ximo de oportunidades y recursos para luchar contra la<\/p>\n<p><a class=\"more-link\" href=\"https:\/\/www.mullor.com\/en\/mullor-salt-casal-dels-infants\/\">Read More<\/a><\/p>","protected":false},"author":6,"featured_media":1222,"comment_status":"open","ping_status":"open","sticky":false,"template":"","format":"standard","meta":{"footnotes":""},"categories":[19,25],"tags":[],"class_list":["post-1211","post","type-post","status-publish","format-standard","has-post-thumbnail","hentry","category-personas","category-rse"],"aioseo_notices":[],"_links":{"self":[{"href":"https:\/\/www.mullor.com\/en\/wp-json\/wp\/v2\/posts\/1211","targetHints":{"allow":["GET"]}}],"collection":[{"href":"https:\/\/www.mullor.com\/en\/wp-json\/wp\/v2\/posts"}],"about":[{"href":"https:\/\/www.mullor.com\/en\/wp-json\/wp\/v2\/types\/post"}],"author":[{"embeddable":true,"href":"https:\/\/www.mullor.com\/en\/wp-json\/wp\/v2\/users\/6"}],"replies":[{"embeddable":true,"href":"https:\/\/www.mullor.com\/en\/wp-json\/wp\/v2\/comments?post=1211"}],"version-history":[{"count":4,"href":"https:\/\/www.mullor.com\/en\/wp-json\/wp\/v2\/posts\/1211\/revisions"}],"predecessor-version":[{"id":1221,"href":"https:\/\/www.mullor.com\/en\/wp-json\/wp\/v2\/posts\/1211\/revisions\/1221"}],"wp:featuredmedia":[{"embeddable":true,"href":"https:\/\/www.mullor.com\/en\/wp-json\/wp\/v2\/media\/1222"}],"wp:attachment":[{"href":"https:\/\/www.mullor.com\/en\/wp-json\/wp\/v2\/media?parent=1211"}],"wp:term":[{"taxonomy":"category","embeddable":true,"href":"https:\/\/www.mullor.com\/en\/wp-json\/wp\/v2\/categories?post=1211"},{"taxonomy":"post_tag","embeddable":true,"href":"https:\/\/www.mullor.com\/en\/wp-json\/wp\/v2\/tags?post=1211"}],"curies":[{"name":"wp","href":"https:\/\/api.w.org\/{rel}","templated":true}]}}