{"id":1965,"date":"2020-08-15T13:00:46","date_gmt":"2020-08-15T11:00:46","guid":{"rendered":"https:\/\/www.mullor.com\/?p=1965"},"modified":"2021-06-02T02:52:26","modified_gmt":"2021-06-02T00:52:26","slug":"mullor-y-la-comunicacion-corporativa","status":"publish","type":"post","link":"https:\/\/www.mullor.com\/en\/mullor-y-la-comunicacion-corporativa\/","title":{"rendered":"Mullor y la comunicaci\u00f3n Corporativa"},"content":{"rendered":"<p>En Mullor creemos en la comunicaci\u00f3n corporativa. Es por ello que hemos puesto en marcha diferentes iniciativas para potenciarla.<\/p>\n<p>&nbsp;<\/p>\n<p><img decoding=\"async\" class=\"size-medium wp-image-1967 alignleft\" style=\"margin-top: 0.857143rem; margin-right: 1.71429rem; margin-bottom: 0.857143rem;\" src=\"https:\/\/www.mullor.com\/wp-content\/uploads\/2020\/08\/premi-truco-153x300.jpg\" alt=\"\" width=\"153\" height=\"300\" srcset=\"https:\/\/www.mullor.com\/wp-content\/uploads\/2020\/08\/premi-truco-153x300.jpg 153w, https:\/\/www.mullor.com\/wp-content\/uploads\/2020\/08\/premi-truco-522x1024.jpg 522w, https:\/\/www.mullor.com\/wp-content\/uploads\/2020\/08\/premi-truco-768x1507.jpg 768w, https:\/\/www.mullor.com\/wp-content\/uploads\/2020\/08\/premi-truco-783x1536.jpg 783w, https:\/\/www.mullor.com\/wp-content\/uploads\/2020\/08\/premi-truco.jpg 800w\" sizes=\"(max-width: 153px) 100vw, 153px\" \/><\/p>\n<p>&nbsp;<\/p>\n<p>Redise\u00f1amos nuestra newsletter interna . Las ediciones son trimestrales y creamos el concurso donde busc\u00e1bamos el mejor truco de limpieza que utilizan en el \u00e1mbito dom\u00e9stico\u00a0<span style=\"font-size: 1rem;\">nuestras trabajadoras y trabajadoras. El escogido fue aquel que los Jefes de Operacion<\/span><span style=\"font-size: 1rem;\">es consideraron ser el m\u00e1s respetuoso con el medio ambiente y que cumpliese con la normativa de seguridad en la que formamos a nuestra plantilla, aplicable, tambi\u00e9n, en el \u00e1mbito dom\u00e9stico.<\/span><\/p>\n<p>&nbsp;<\/p>\n<p>&nbsp;<\/p>\n<p>&nbsp;<\/p>\n<p>Durante el inicio del presente a\u00f1o, convocamos diferentes reuniones con el equipo de Gestores y Gestoras de Servicio. En ella los Jefes de operaciones felicitaron a todas y todos por los objetivos conseguidos en el a\u00f1o 2019, felicitaci\u00f3n a la que tambi\u00e9n se sumaron tanto el Direcci\u00f3n General y Subdirecci\u00f3n General de Servicios.<img fetchpriority=\"high\" decoding=\"async\" class=\"size-medium wp-image-1966 alignright\" src=\"https:\/\/www.mullor.com\/wp-content\/uploads\/2020\/08\/reunion-2020-300x300.jpg\" alt=\"\" width=\"300\" height=\"300\" srcset=\"https:\/\/www.mullor.com\/wp-content\/uploads\/2020\/08\/reunion-2020-300x300.jpg 300w, https:\/\/www.mullor.com\/wp-content\/uploads\/2020\/08\/reunion-2020-150x150.jpg 150w, https:\/\/www.mullor.com\/wp-content\/uploads\/2020\/08\/reunion-2020-768x768.jpg 768w, https:\/\/www.mullor.com\/wp-content\/uploads\/2020\/08\/reunion-2020.jpg 800w\" sizes=\"(max-width: 300px) 100vw, 300px\" \/><\/p>\n<p>Tambi\u00e9n ser presentaron los objetivos para el a\u00f1o 2020. Adem\u00e1s tambi\u00e9n ser explicaron algunas de las novedades sobre medidas medioambientales y de confort en nuestros espacios de trabajo.<\/p>\n<p>&nbsp;<\/p>\n<p>&nbsp;<\/p>\n<p>&nbsp;<\/p>","protected":false},"excerpt":{"rendered":"<p>En Mullor creemos en la comunicaci\u00f3n corporativa. Es por ello que hemos puesto en marcha diferentes iniciativas para potenciarla. &nbsp; &nbsp; Redise\u00f1amos nuestra newsletter interna . Las ediciones son trimestrales y creamos el concurso donde busc\u00e1bamos el mejor truco de limpieza que utilizan en el \u00e1mbito dom\u00e9stico\u00a0nuestras trabajadoras y trabajadoras. El escogido fue aquel que los Jefes de Operaciones consideraron<\/p>\n<p><a class=\"more-link\" href=\"https:\/\/www.mullor.com\/en\/mullor-y-la-comunicacion-corporativa\/\">Read More<\/a><\/p>","protected":false},"author":6,"featured_media":1848,"comment_status":"open","ping_status":"open","sticky":false,"template":"","format":"standard","meta":{"footnotes":""},"categories":[27,19],"tags":[28],"class_list":["post-1965","post","type-post","status-publish","format-standard","has-post-thumbnail","hentry","category-comunicacion","category-personas","tag-comunicacion"],"aioseo_notices":[],"_links":{"self":[{"href":"https:\/\/www.mullor.com\/en\/wp-json\/wp\/v2\/posts\/1965","targetHints":{"allow":["GET"]}}],"collection":[{"href":"https:\/\/www.mullor.com\/en\/wp-json\/wp\/v2\/posts"}],"about":[{"href":"https:\/\/www.mullor.com\/en\/wp-json\/wp\/v2\/types\/post"}],"author":[{"embeddable":true,"href":"https:\/\/www.mullor.com\/en\/wp-json\/wp\/v2\/users\/6"}],"replies":[{"embeddable":true,"href":"https:\/\/www.mullor.com\/en\/wp-json\/wp\/v2\/comments?post=1965"}],"version-history":[{"count":1,"href":"https:\/\/www.mullor.com\/en\/wp-json\/wp\/v2\/posts\/1965\/revisions"}],"predecessor-version":[{"id":1968,"href":"https:\/\/www.mullor.com\/en\/wp-json\/wp\/v2\/posts\/1965\/revisions\/1968"}],"wp:featuredmedia":[{"embeddable":true,"href":"https:\/\/www.mullor.com\/en\/wp-json\/wp\/v2\/media\/1848"}],"wp:attachment":[{"href":"https:\/\/www.mullor.com\/en\/wp-json\/wp\/v2\/media?parent=1965"}],"wp:term":[{"taxonomy":"category","embeddable":true,"href":"https:\/\/www.mullor.com\/en\/wp-json\/wp\/v2\/categories?post=1965"},{"taxonomy":"post_tag","embeddable":true,"href":"https:\/\/www.mullor.com\/en\/wp-json\/wp\/v2\/tags?post=1965"}],"curies":[{"name":"wp","href":"https:\/\/api.w.org\/{rel}","templated":true}]}}