{"id":1994,"date":"2020-08-25T11:11:42","date_gmt":"2020-08-25T09:11:42","guid":{"rendered":"https:\/\/www.mullor.com\/?p=1994"},"modified":"2021-06-02T02:52:26","modified_gmt":"2021-06-02T00:52:26","slug":"mullor-y-la-formacion-tecnica","status":"publish","type":"post","link":"https:\/\/www.mullor.com\/en\/mullor-y-la-formacion-tecnica\/","title":{"rendered":"Mullor y la formaci\u00f3n t\u00e9cnica"},"content":{"rendered":"<p>Como empresa pionera y profesionalizadora del sector de la limpieza, la formaci\u00f3n t\u00e9cnicas es uno de nuestros ejes vertebrales.<\/p>\n<p>Tampoco faltamos a la cita organizada por Hygienalia\u00a0 + Pulire donde se presentan las \u00faltimas novedades en el sector de la limpieza.<\/p>\n<p><img fetchpriority=\"high\" decoding=\"async\" class=\"wp-image-1995 aligncenter\" src=\"https:\/\/www.mullor.com\/wp-content\/uploads\/2020\/08\/COLLAGE-DEFINITIU-300x300.jpg\" alt=\"\" width=\"356\" height=\"356\" srcset=\"https:\/\/www.mullor.com\/wp-content\/uploads\/2020\/08\/COLLAGE-DEFINITIU-300x300.jpg 300w, https:\/\/www.mullor.com\/wp-content\/uploads\/2020\/08\/COLLAGE-DEFINITIU-1024x1024.jpg 1024w, https:\/\/www.mullor.com\/wp-content\/uploads\/2020\/08\/COLLAGE-DEFINITIU-150x150.jpg 150w, https:\/\/www.mullor.com\/wp-content\/uploads\/2020\/08\/COLLAGE-DEFINITIU-768x768.jpg 768w, https:\/\/www.mullor.com\/wp-content\/uploads\/2020\/08\/COLLAGE-DEFINITIU-1536x1536.jpg 1536w, https:\/\/www.mullor.com\/wp-content\/uploads\/2020\/08\/COLLAGE-DEFINITIU-800x800.jpg 800w, https:\/\/www.mullor.com\/wp-content\/uploads\/2020\/08\/COLLAGE-DEFINITIU.jpg 2046w\" sizes=\"(max-width: 356px) 100vw, 356px\" \/><\/p>\n<p>&nbsp;<\/p>\n<p>\u00c9sto nos ha servido para poder adaptarnos a la nueva situaci\u00f3n con mayor rapidez y flexibilidad y consiguiendo ofrecer espacios seguros seg\u00fan las necesidades de cada cliente, y entornos tan diferentes.<\/p>\n<p>En palabras de Merc\u00e8 Mullor, consejera delegada del Grupo Mullor, que pronunci\u00f3 en el webinar \u00abHigiene y desinfecci\u00f3n: una nueva prioridad en la empresa\u00bb organizado por FIDEM : La desinfecci\u00f3n tiene un nuevo rol social.<\/p>\n<p>Formamos en t\u00e9cnicas espec\u00edficas como la nebulizaci\u00f3n que garantiza la desinfecci\u00f3n de alto nivel con gran potencia viricida es una de la m\u00e1s empleadas para y que adem\u00e1s cumple con la normativa vigente en materia de desinfecci\u00f3n contra COVID19.<\/p>\n<p><img decoding=\"async\" class=\"size-medium wp-image-1997 alignright\" style=\"margin-top: 0.857143rem; margin-bottom: 0.857143rem; margin-left: 1.71429rem;\" src=\"https:\/\/www.mullor.com\/wp-content\/uploads\/2020\/08\/nebulzacion-illa-244x300.jpg\" alt=\"\" width=\"244\" height=\"300\" srcset=\"https:\/\/www.mullor.com\/wp-content\/uploads\/2020\/08\/nebulzacion-illa-244x300.jpg 244w, https:\/\/www.mullor.com\/wp-content\/uploads\/2020\/08\/nebulzacion-illa-768x943.jpg 768w, https:\/\/www.mullor.com\/wp-content\/uploads\/2020\/08\/nebulzacion-illa.jpg 800w\" sizes=\"(max-width: 244px) 100vw, 244px\" \/><\/p>\n<p>&nbsp;<\/p>\n<p>&nbsp;<\/p>","protected":false},"excerpt":{"rendered":"<p>Como empresa pionera y profesionalizadora del sector de la limpieza, la formaci\u00f3n t\u00e9cnicas es uno de nuestros ejes vertebrales. Tampoco faltamos a la cita organizada por Hygienalia\u00a0 + Pulire donde se presentan las \u00faltimas novedades en el sector de la limpieza. &nbsp; \u00c9sto nos ha servido para poder adaptarnos a la nueva situaci\u00f3n con mayor rapidez y flexibilidad y consiguiendo<\/p>\n<p><a class=\"more-link\" href=\"https:\/\/www.mullor.com\/en\/mullor-y-la-formacion-tecnica\/\">Read More<\/a><\/p>","protected":false},"author":6,"featured_media":0,"comment_status":"open","ping_status":"open","sticky":false,"template":"","format":"standard","meta":{"footnotes":""},"categories":[17],"tags":[],"class_list":["post-1994","post","type-post","status-publish","format-standard","hentry","category-formacion"],"aioseo_notices":[],"_links":{"self":[{"href":"https:\/\/www.mullor.com\/en\/wp-json\/wp\/v2\/posts\/1994","targetHints":{"allow":["GET"]}}],"collection":[{"href":"https:\/\/www.mullor.com\/en\/wp-json\/wp\/v2\/posts"}],"about":[{"href":"https:\/\/www.mullor.com\/en\/wp-json\/wp\/v2\/types\/post"}],"author":[{"embeddable":true,"href":"https:\/\/www.mullor.com\/en\/wp-json\/wp\/v2\/users\/6"}],"replies":[{"embeddable":true,"href":"https:\/\/www.mullor.com\/en\/wp-json\/wp\/v2\/comments?post=1994"}],"version-history":[{"count":2,"href":"https:\/\/www.mullor.com\/en\/wp-json\/wp\/v2\/posts\/1994\/revisions"}],"predecessor-version":[{"id":1998,"href":"https:\/\/www.mullor.com\/en\/wp-json\/wp\/v2\/posts\/1994\/revisions\/1998"}],"wp:attachment":[{"href":"https:\/\/www.mullor.com\/en\/wp-json\/wp\/v2\/media?parent=1994"}],"wp:term":[{"taxonomy":"category","embeddable":true,"href":"https:\/\/www.mullor.com\/en\/wp-json\/wp\/v2\/categories?post=1994"},{"taxonomy":"post_tag","embeddable":true,"href":"https:\/\/www.mullor.com\/en\/wp-json\/wp\/v2\/tags?post=1994"}],"curies":[{"name":"wp","href":"https:\/\/api.w.org\/{rel}","templated":true}]}}