{"id":2070,"date":"2020-11-25T10:55:00","date_gmt":"2020-11-25T09:55:00","guid":{"rendered":"https:\/\/www.mullor.com\/?p=2070"},"modified":"2021-06-02T02:52:26","modified_gmt":"2021-06-02T00:52:26","slug":"la-rsc-es-una-necesidad-de-marca","status":"publish","type":"post","link":"https:\/\/www.mullor.com\/en\/la-rsc-es-una-necesidad-de-marca\/","title":{"rendered":"La RSC es una necesidad de marca"},"content":{"rendered":"<p>&nbsp;<\/p>\n<p>&nbsp;<\/p>\n<p>Merc\u00e8 Mullor, nuestra consejera delegada y presidenta de Respon.cat, ha conversado con Xavier Carbonell, director de la C\u00e1tedra Mango de RSC y profesor d\u2019ESCI-UPF,\u00a0 para dar a conocer ejemplos de pol\u00edticas y de acciones en materia de Responsabilidad Social. Entre las acciones, Merc\u00e8 Mullor ha destacado las realizadas en el \u00e1mbito de la Igualdad de g\u00e9nero y en el \u00e1mbito de la inclusi\u00f3n en los entornos de riesgo de exclusi\u00f3n social y de diversidad funcional.<\/p>\n<p>Os facilitamos el enlace para ampliar la informaci\u00f3n<\/p>\n<p><a href=\"https:\/\/www.linkedin.com\/feed\/update\/urn:li:activity:6736664638219444224\">https:\/\/www.linkedin.com\/feed\/update\/urn:li:activity:6736664638219444224<\/a><\/p>\n<p>&nbsp;<\/p>\n<p>&nbsp;<\/p>","protected":false},"excerpt":{"rendered":"<p>&nbsp; &nbsp; Merc\u00e8 Mullor, nuestra consejera delegada y presidenta de Respon.cat, ha conversado con Xavier Carbonell, director de la C\u00e1tedra Mango de RSC y profesor d\u2019ESCI-UPF,\u00a0 para dar a conocer ejemplos de pol\u00edticas y de acciones en materia de Responsabilidad Social. Entre las acciones, Merc\u00e8 Mullor ha destacado las realizadas en el \u00e1mbito de la Igualdad de g\u00e9nero y en<\/p>\n<p><a class=\"more-link\" href=\"https:\/\/www.mullor.com\/en\/la-rsc-es-una-necesidad-de-marca\/\">Read More<\/a><\/p>","protected":false},"author":6,"featured_media":2079,"comment_status":"open","ping_status":"open","sticky":false,"template":"","format":"standard","meta":{"footnotes":""},"categories":[27,25],"tags":[],"class_list":["post-2070","post","type-post","status-publish","format-standard","has-post-thumbnail","hentry","category-comunicacion","category-rse"],"aioseo_notices":[],"_links":{"self":[{"href":"https:\/\/www.mullor.com\/en\/wp-json\/wp\/v2\/posts\/2070","targetHints":{"allow":["GET"]}}],"collection":[{"href":"https:\/\/www.mullor.com\/en\/wp-json\/wp\/v2\/posts"}],"about":[{"href":"https:\/\/www.mullor.com\/en\/wp-json\/wp\/v2\/types\/post"}],"author":[{"embeddable":true,"href":"https:\/\/www.mullor.com\/en\/wp-json\/wp\/v2\/users\/6"}],"replies":[{"embeddable":true,"href":"https:\/\/www.mullor.com\/en\/wp-json\/wp\/v2\/comments?post=2070"}],"version-history":[{"count":6,"href":"https:\/\/www.mullor.com\/en\/wp-json\/wp\/v2\/posts\/2070\/revisions"}],"predecessor-version":[{"id":2080,"href":"https:\/\/www.mullor.com\/en\/wp-json\/wp\/v2\/posts\/2070\/revisions\/2080"}],"wp:featuredmedia":[{"embeddable":true,"href":"https:\/\/www.mullor.com\/en\/wp-json\/wp\/v2\/media\/2079"}],"wp:attachment":[{"href":"https:\/\/www.mullor.com\/en\/wp-json\/wp\/v2\/media?parent=2070"}],"wp:term":[{"taxonomy":"category","embeddable":true,"href":"https:\/\/www.mullor.com\/en\/wp-json\/wp\/v2\/categories?post=2070"},{"taxonomy":"post_tag","embeddable":true,"href":"https:\/\/www.mullor.com\/en\/wp-json\/wp\/v2\/tags?post=2070"}],"curies":[{"name":"wp","href":"https:\/\/api.w.org\/{rel}","templated":true}]}}