{"id":2172,"date":"2021-03-15T13:51:33","date_gmt":"2021-03-15T12:51:33","guid":{"rendered":"https:\/\/www.mullor.com\/?p=2172"},"modified":"2021-06-02T02:52:25","modified_gmt":"2021-06-02T00:52:25","slug":"desinfeccion-mediante-luz-ultravioleta","status":"publish","type":"post","link":"https:\/\/www.mullor.com\/en\/desinfeccion-mediante-luz-ultravioleta\/","title":{"rendered":"Desinfecci\u00f3n mediante luz ultravioleta"},"content":{"rendered":"<p>Tras la expansi\u00f3n a nivel mundial, de los m\u00faltiples utensilios y maquinaria de desinfecci\u00f3n que utiliza la luz ultravioleta (UV-C) el ministerio de Sanidad <a href=\"https:\/\/www.mscbs.gob.es\/profesionales\/saludPublica\/ccayes\/alertasActual\/nCov\/documentos\/COVID19_Nota_sobre_el_uso_de_UV-C.pdf\" target=\"_blank\" rel=\"noreferrer noopener\" title=\"https:\/\/www.mscbs.gob.es\/profesionales\/saludPublica\/ccayes\/alertasActual\/nCov\/documentos\/COVID19_Nota_sobre_el_uso_de_UV-C.pdf\">public\u00f3 finalmente una clarificaci\u00f3n<\/a> en la que avala esta t\u00e9cnica de desinfecci\u00f3n, tambi\u00e9n para el Covid-19, a\u00fan cuando el marco regulador en Espa\u00f1a y en Europa no est\u00e1 plenamente desarrollado.<\/p>\n\n\n\n<p>Finalmente se desarroll\u00f3, a ra\u00edz de la pandemia, una <a href=\"https:\/\/www.mscbs.gob.es\/profesionales\/saludPublica\/ccayes\/alertasActual\/nCov\/documentos\/Especificacion_UNE_0068-2020.pdf\" target=\"_blank\" rel=\"noreferrer noopener\" title=\"https:\/\/www.mscbs.gob.es\/profesionales\/saludPublica\/ccayes\/alertasActual\/nCov\/documentos\/Especificacion_UNE_0068-2020.pdf\">norma UNE que establece las normas de seguridad<\/a> que deben cumplir todos los fabricantes<\/p>\n\n\n\n<p>Es particularmente importante se\u00f1alar que <strong>la aplicaci\u00f3n de luz ultravioleta puede producir, aunque no con la misma rapidez ni gravedad que el ozono, importantes da\u00f1os para la salud<\/strong> de las personas y animales de compa\u00f1\u00eda. Y, por lo tanto, su utilizaci\u00f3n deber ser preparada con cautela y por profesionales especialistas.<\/p>\n\n\n\n<p>La desinfecci\u00f3n de superficies mediante la luz ultravioleta, espec\u00edficamente la luz UV-C, es utilizada mediante aparatos m\u00f3viles, como aparatos o instalaciones fijas. E incluso mediante robots con diversos grados de autonom\u00eda y prestaciones fabricados por reconocidas multinacionales. En todos estos casos <strong>deben ser utilizados por t\u00e9cnicos de los centros sanitarios o bien por operarios cualificados y formados<\/strong> de empresas de <a href=\"https:\/\/www.mullor.com\/en\/servicios\/higiene-tecnica\/\" target=\"_blank\" rel=\"noreferrer noopener\" title=\"Higiene T\u00e9cnica\">desinfecci\u00f3n<\/a>.<\/p>\n\n\n\n<p>Deber\u00eda actuarse tanto por los vendedores como por los compradores en coherencia al hecho que la UV-C no es magia ni es una soluci\u00f3n \u201cDIY\u201d de bricoman\u00eda. <strong>Requiere y conlleva una gran dosis de responsabilidad y honestidad<\/strong> para asegurar tanto la seguridad como la efectividad.<\/p>\n\n\n\n<p>Podemos constatar que no todos los sistemas vendidos son seguros y debe verificarse el marcaje y el cumplimiento normativo europeo y de la UNE. Tanto de los componentes como del conjunto del sistema.<\/p>\n\n\n\n<p>Por otra parte, muchas aplicaciones no son efectivas, puesto que es necesario conocer la distancia, la t\u00e9cnica de aplicaci\u00f3n&nbsp; y la duraci\u00f3n de la radiaci\u00f3n para poder afirmar que un entorno est\u00e1 desinfectado. <strong>El simplismo puede vender, pero no es una soluci\u00f3n<\/strong>.<\/p>\n\n\n\n<p>Finalmente, y fundamentalmente, es tambi\u00e9n necesario conocer y entender cual va a ser la operativa de cada espacio para planificar tanto la efectividad como la real seguridad.<\/p>\n\n\n\n<p><strong>Mullor ha contrastado y verificado diversos sistemas<\/strong> y algunos los hemos implantado de manera segura incluso en nuestras propias instalaciones para desinfecci\u00f3n de las salas de formaci\u00f3n y de espacios de alta intensidad de uso. Como refuerzo y complemento de la <a href=\"https:\/\/www.mullor.com\/en\/servicios\/limpieza\/\" target=\"_blank\" rel=\"noreferrer noopener\" title=\"Cleaning\">cleaning<\/a> y desinfecci\u00f3n tradicional de espacios con productos homologados.<\/p>\n\n\n\n<p>Es tambi\u00e9n necesario se\u00f1alar que a pesar de <strong>las ventajas y el potencial de la radiaci\u00f3n UV-C es muy \u00fatil para hacer frente, en general, a la contaminaci\u00f3n biol\u00f3gica<\/strong>, el coste y la operativa de estos sistemas dificulta su difusi\u00f3n generalizada en muchos espacios de trabajo y delimita su aplicaci\u00f3n a entornos cr\u00edticos o bien de alta ocupaci\u00f3n y bajo circunstancias adecuadas.<\/p>","protected":false},"excerpt":{"rendered":"<p>Las precauciones que hay que tener al usa la desinfecci\u00f3n mediante luz ultravioleta que solo debe ser usada por personal cualificado y formado expresamente.<\/p>","protected":false},"author":6,"featured_media":2173,"comment_status":"open","ping_status":"open","sticky":false,"template":"","format":"standard","meta":{"footnotes":""},"categories":[39],"tags":[33,36,38],"class_list":["post-2172","post","type-post","status-publish","format-standard","has-post-thumbnail","hentry","category-higiene-y-desinfeccion","tag-covid19","tag-desinfeccion","tag-ultravioleta"],"aioseo_notices":[],"_links":{"self":[{"href":"https:\/\/www.mullor.com\/en\/wp-json\/wp\/v2\/posts\/2172","targetHints":{"allow":["GET"]}}],"collection":[{"href":"https:\/\/www.mullor.com\/en\/wp-json\/wp\/v2\/posts"}],"about":[{"href":"https:\/\/www.mullor.com\/en\/wp-json\/wp\/v2\/types\/post"}],"author":[{"embeddable":true,"href":"https:\/\/www.mullor.com\/en\/wp-json\/wp\/v2\/users\/6"}],"replies":[{"embeddable":true,"href":"https:\/\/www.mullor.com\/en\/wp-json\/wp\/v2\/comments?post=2172"}],"version-history":[{"count":2,"href":"https:\/\/www.mullor.com\/en\/wp-json\/wp\/v2\/posts\/2172\/revisions"}],"predecessor-version":[{"id":2175,"href":"https:\/\/www.mullor.com\/en\/wp-json\/wp\/v2\/posts\/2172\/revisions\/2175"}],"wp:featuredmedia":[{"embeddable":true,"href":"https:\/\/www.mullor.com\/en\/wp-json\/wp\/v2\/media\/2173"}],"wp:attachment":[{"href":"https:\/\/www.mullor.com\/en\/wp-json\/wp\/v2\/media?parent=2172"}],"wp:term":[{"taxonomy":"category","embeddable":true,"href":"https:\/\/www.mullor.com\/en\/wp-json\/wp\/v2\/categories?post=2172"},{"taxonomy":"post_tag","embeddable":true,"href":"https:\/\/www.mullor.com\/en\/wp-json\/wp\/v2\/tags?post=2172"}],"curies":[{"name":"wp","href":"https:\/\/api.w.org\/{rel}","templated":true}]}}