{"id":2186,"date":"2021-03-22T17:19:26","date_gmt":"2021-03-22T16:19:26","guid":{"rendered":"https:\/\/www.mullor.com\/?p=2186"},"modified":"2021-06-02T02:52:25","modified_gmt":"2021-06-02T00:52:25","slug":"como-actuar-ante-un-caso-positivo-de-covid19-en-una-oficina","status":"publish","type":"post","link":"https:\/\/www.mullor.com\/en\/como-actuar-ante-un-caso-positivo-de-covid19-en-una-oficina\/","title":{"rendered":"\u00bfC\u00f3mo actuar ante un caso positivo de COVID19 en una oficina?"},"content":{"rendered":"<p><strong>\u00bfQu\u00e9 intervenci\u00f3n es m\u00e1s aconsejable hacer cuando detectamos un caso de Covid19 en una oficina?<\/strong> \u00bfcon qu\u00e9 velocidad? En este a\u00f1o que llevamos de pandemia preguntas como estas nos han pasado muchas veces por la cabeza a todos aquellos que trabajamos en una oficina.<\/p>\n\n\n\n<p>Para determinar qu\u00e9 hacer existen preguntas previas necesarias que deben ser contestadas:<\/p>\n\n\n\n<ul class=\"wp-block-list\"><li>\u00bfEs un caso positivo directo o indirecto?<\/li><li>\u00bfEs un caso positivo verificado?<\/li><li>\u00bfCu\u00e1nto tiempo (horas, d\u00edas) ha estado esta persona presencialmente en la oficina?<\/li><li>\u00bfQu\u00e9 d\u00eda es hoy que nos ha sido comunicado. \u00bfEs lunes y era un caso de la semana pasada? o \u00bfes jueves y es un caso de ayer?<\/li><li>\u00bfExisten m\u00e1s personas de la oficina con s\u00edntomas compatibles con los de la persona positiva en Covid19?<\/li><li>\u00bfQu\u00e9 espacios de trabajo ocupa o han estado potencialmente contaminados por esta o estas personas?<\/li><li>\u00bfDurante cu\u00e1nto tiempo ha estado esta persona con s\u00edntomas compatibles con el Covid19 ocupando estos espacios?<\/li><li>\u00bfCu\u00e1l es el sistema de ventilaci\u00f3n de los espacios?<\/li><li>\u00bfCu\u00e1l es la tasa de renovaci\u00f3n del aire de las oficinas?<\/li><li>\u00bfCu\u00e1l es el nivel de ocupaci\u00f3n de las oficinas?<\/li><li>\u00bfPueden todos los ocupantes de los espacios tele trabajar preventivamente?<\/li><li>\u00bfExisten medidas preventivas y sistem\u00e1ticas de desinfecci\u00f3n de superficies en las oficinas?<\/li><li>\u00bfExisten medidas de desinfecci\u00f3n preventivas y sistem\u00e1ticas del aire en las oficinas?<\/li><li>\u00bfEs el primer caso o existe alg\u00fan otro anterior de nuestro personal habitual de las oficinas?<\/li><li>En el caso anterior \u00bfse descart\u00f3 que la contaminaci\u00f3n tuviera su origen en una difusi\u00f3n dentro del espacio de trabajo?<\/li><\/ul>\n\n\n\n<p>En realidad estas preguntas o, mejor dicho, sus respuestas formar\u00edan parte del protocolo de actuaci\u00f3n ante un caso de Covid19. Pero en este art\u00edculo os vamos a hablar tanto de la <a href=\"https:\/\/www.mullor.com\/en\/mantener-un-entorno-de-trabajo-saludable\/\" target=\"_blank\" rel=\"noreferrer noopener\" title=\"https:\/\/www.mullor.com\/mantener-un-entorno-de-trabajo-saludable\/\">prevenci\u00f3n v\u00eda limpieza<\/a> como de la actuaci\u00f3n, tambi\u00e9n de desinfecci\u00f3n, que hay que llevar a cabo posteriormente. <\/p>\n\n\n\n<h2 class=\"wp-block-heading\">Intervenci\u00f3n ante un caso de Covid19 en una oficina<\/h2>\n\n\n\n<p>Volviendo a las preguntas, y en funci\u00f3n de las respuestas, podemos plantear y ofrecer las siguientes intervenciones de desinfecci\u00f3n:<\/p>\n\n\n\n<ul class=\"wp-block-list\"><li><strong>Desinfecci\u00f3n de choque, inmediata (sea de d\u00eda o de noche) limpieza de contacto de TODAS las superficies<\/strong> de una oficina, garantizando que no existe ning\u00fan posible origen de transmisi\u00f3n del Covid como consecuencia de caso uso compartido de espacios con alguien que estuviera contaminado anteriormente.<\/li><li>Desinfecci\u00f3n de choque <strong>mediante <a href=\"https:\/\/es.wikipedia.org\/wiki\/Nebulizaci%C3%B3n\" target=\"_blank\" rel=\"noreferrer noopener\" title=\"Mullor y la formaci\u00f3n t\u00e9cnica\">nebulizaci\u00f3n<\/a> de todas las superficies y espacios al alcance de las personas<\/strong>. En este caso, existe un plazo de seguridad de unas horas para poder volver a ocupar las instalaciones.<\/li><\/ul>\n\n\n\n<p>En caso de existencia de poblaci\u00f3n de riesgo en el edificio deber\u00eda considerarse la conveniencia de:<\/p>\n\n\n\n<ul class=\"wp-block-list\"><li><strong>Realizar una desinfecci\u00f3n interior<\/strong>, por nebulizaci\u00f3n, de los conductos de ventilaci\u00f3n del edificio\/oficina.<\/li><li>Instalaci\u00f3n de <strong>sistemas de desinfecci\u00f3n activa del interior de conductos<\/strong>, particularmente por UV<\/li><li>Instalaci\u00f3n de <strong>sistemas de desinfecci\u00f3n activa de superficies <a href=\"https:\/\/www.mullor.com\/en\/desinfeccion-mediante-luz-ultravioleta\/\" target=\"_blank\" rel=\"noreferrer noopener\" title=\"Desinfecci\u00f3n mediante luz ultravioleta\">mediante UV<\/a><\/strong> en espacios compartimentados mientras est\u00e1n desocupados. Por ejemplo, salas de formaci\u00f3n, comedores, salas de visita (a ser posible alternando el uso de distintas salas mientras se esterilizan).<\/li><li><strong>Revisi\u00f3n cr\u00edtica de los planes de higiene y desinfecci\u00f3n de las instalaciones<\/strong>. Que seguro ya se han contemplado teniendo en cuenta las buenas pr\u00e1cticas recomendadas y actualizadas por las autoridades sanitarias y los departamentos de prevenci\u00f3n. Pero que <strong>en caso de poblaci\u00f3n de riesgo es conveniente revisar de nuevo<\/strong>.<\/li><\/ul>\n\n\n\n<p>Estas mismas medidas anteriores, aplicables en casos de poblaci\u00f3n de riesgo presente en el espacio de trabajo, deber\u00edan plantearse en <strong>el caso de repetici\u00f3n de positivos Covid19 en una misma instalaci\u00f3n<\/strong>, puesto que ser\u00eda un posible s\u00edntoma que las condiciones de acceso o higiene son susceptibles de mejora respecto a la utilizaci\u00f3n actual de la instalaci\u00f3n.<\/p>\n\n\n\n<p>Pero de esto \u00faltimo os hablaremos en nuestro pr\u00f3ximo post.<\/p>","protected":false},"excerpt":{"rendered":"<p>\u00bfQu\u00e9 hacer ante un caso positivo de Covid19 en una oficina? En este post os damos las claves de c\u00f3mo actuar cuando eso ocurre y que todo vuelva a la normalidad lo antes posible.<\/p>","protected":false},"author":6,"featured_media":2197,"comment_status":"open","ping_status":"open","sticky":false,"template":"","format":"standard","meta":{"footnotes":""},"categories":[39,32],"tags":[33,36,43,34],"class_list":["post-2186","post","type-post","status-publish","format-standard","has-post-thumbnail","hentry","category-higiene-y-desinfeccion","category-tecnicas-de-limpieza-covid","tag-covid19","tag-desinfeccion","tag-oficinas","tag-tecnicas-de-limpieza"],"aioseo_notices":[],"_links":{"self":[{"href":"https:\/\/www.mullor.com\/en\/wp-json\/wp\/v2\/posts\/2186","targetHints":{"allow":["GET"]}}],"collection":[{"href":"https:\/\/www.mullor.com\/en\/wp-json\/wp\/v2\/posts"}],"about":[{"href":"https:\/\/www.mullor.com\/en\/wp-json\/wp\/v2\/types\/post"}],"author":[{"embeddable":true,"href":"https:\/\/www.mullor.com\/en\/wp-json\/wp\/v2\/users\/6"}],"replies":[{"embeddable":true,"href":"https:\/\/www.mullor.com\/en\/wp-json\/wp\/v2\/comments?post=2186"}],"version-history":[{"count":5,"href":"https:\/\/www.mullor.com\/en\/wp-json\/wp\/v2\/posts\/2186\/revisions"}],"predecessor-version":[{"id":2199,"href":"https:\/\/www.mullor.com\/en\/wp-json\/wp\/v2\/posts\/2186\/revisions\/2199"}],"wp:featuredmedia":[{"embeddable":true,"href":"https:\/\/www.mullor.com\/en\/wp-json\/wp\/v2\/media\/2197"}],"wp:attachment":[{"href":"https:\/\/www.mullor.com\/en\/wp-json\/wp\/v2\/media?parent=2186"}],"wp:term":[{"taxonomy":"category","embeddable":true,"href":"https:\/\/www.mullor.com\/en\/wp-json\/wp\/v2\/categories?post=2186"},{"taxonomy":"post_tag","embeddable":true,"href":"https:\/\/www.mullor.com\/en\/wp-json\/wp\/v2\/tags?post=2186"}],"curies":[{"name":"wp","href":"https:\/\/api.w.org\/{rel}","templated":true}]}}