{"id":2406,"date":"2021-06-30T20:32:11","date_gmt":"2021-06-30T18:32:11","guid":{"rendered":"https:\/\/www.mullor.com\/?p=2406"},"modified":"2022-03-14T15:36:16","modified_gmt":"2022-03-14T14:36:16","slug":"implicaciones-de-la-nueva-ley-de-cambio-climatico-y-transicion-energetica-para-las-empresas","status":"publish","type":"post","link":"https:\/\/www.mullor.com\/en\/implicaciones-de-la-nueva-ley-de-cambio-climatico-y-transicion-energetica-para-las-empresas\/","title":{"rendered":"Implicaciones de la nueva Ley de Cambio Clim\u00e1tico y transici\u00f3n energ\u00e9tica para las empresas"},"content":{"rendered":"<p>Desde Mullor continuamos fomentando el&nbsp;compromiso mediambiental y establecimiento de&nbsp;objetivos activos de Desarrollo Sostenible (ODS), econom\u00eda de proximidad, as\u00ed como el cumplimiento de los principios del Pacto de Naciones Unidas sobre el <a href=\"https:\/\/www.mullor.com\/en\/2021-el-ano-de-la-ambicion-climatica\/\" target=\"_blank\" rel=\"noreferrer noopener\" title=\"2021: el a\u00f1o de la ambici\u00f3n clim\u00e1tica\">cambio clim\u00e1tico<\/a>.<\/p>\n\n\n\n<p>Hacemos extensivo&nbsp;la publicaci\u00f3n del Pacto Mundial Red Espa\u00f1ola,&nbsp;en el cual se resumen los principales puntos sobre la<strong>&nbsp;Ley de Cambio Clim\u00e1tico y Transici\u00f3n Energ\u00e9tica (LCCTE) aprobada 13\/05:<\/strong><\/p>\n\n\n\n<p>La Ley de Cambio Clim\u00e1tico y Transici\u00f3n Energ\u00e9tica (LCCTE) fue aprobada el 13 de mayo y contempla entre sus objetivos \u201c<em>la implantaci\u00f3n de un modelo de desarrollo sostenible que genere empleo y contribuya a la reducci\u00f3n de las desigualdades<\/em>\u201d.&nbsp;&nbsp;Esto introduce grandes novedades que afectar\u00e1n tambi\u00e9n a las empresas. Se trata de un&nbsp;<strong>documento esperado y ambicioso<\/strong>&nbsp;que&nbsp;<strong>sienta los objetivos de reducci\u00f3n de gases de efecto invernadero de nuestro pa\u00eds, marca una planificaci\u00f3n para alcanzarlos y env\u00eda se\u00f1ales claras y definitivas para los sectores productivos<\/strong>. Se alinea en este sentido con los principios del Pacto Verde Europeo a la hora de buscar la \u201c<em>mejora de la competitividad de nuestros sectores productivos y certidumbre para las inversiones<\/em>\u201d.<\/p>\n\n\n\n<p><strong>Las empresas espa\u00f1olas tienen ante esta LCCTE el desaf\u00edo de transitar hacia un nuevo modelo<\/strong>, que sin las empresas no ser\u00e1 posible. En el texto legal se deja claro que los objetivos y las acciones han de calar en todos los sectores y se esfuerza en dejar claras las se\u00f1ales en positivo.<\/p>\n\n\n\n<p>Aunque la Ley marca como el mayor catalizador al sector p\u00fablico, el papel del privado es imprescindible, especialmente para algunos sectores, los cuales tendr\u00e1n que tener en cuenta aspectos muy relevantes, algunos de los cuales hemos destacado aqu\u00ed:<\/p>\n\n\n\n<ul class=\"wp-block-list\"><li>La orientaci\u00f3n de las inversiones<\/li><li>Informaci\u00f3n no financiera<\/li><li>Internacionalizaci\u00f3n de empresas<\/li><li>Transici\u00f3n justa<\/li><li>Contratos con las administraciones p\u00fablicas<\/li><li>Orientaciones para la industria<\/li><li>Empresas energ\u00e9ticas y consumo de energ\u00eda<\/li><li>Sector de transporte<\/li><li>Alimentaci\u00f3n<\/li><\/ul>\n\n\n\n<p>Pod\u00e9is leer la noticia completa haciendo clic aqu\u00ed.<\/p>","protected":false},"excerpt":{"rendered":"<p>Rese\u00f1a sobre la Ley de Cambio Clim\u00e1tico y Transici\u00f3n Energ\u00e9tica (LCCTE) aprobada el 13\/05 y c\u00f3mo y en qu\u00e9 afecta a las empresas espa\u00f1olas y c\u00f3mo pueden adaptarse.<\/p>","protected":false},"author":6,"featured_media":2407,"comment_status":"open","ping_status":"open","sticky":false,"template":"","format":"standard","meta":{"footnotes":""},"categories":[25],"tags":[73,29],"class_list":["post-2406","post","type-post","status-publish","format-standard","has-post-thumbnail","hentry","category-rse","tag-cambio-climatico","tag-rse"],"aioseo_notices":[],"_links":{"self":[{"href":"https:\/\/www.mullor.com\/en\/wp-json\/wp\/v2\/posts\/2406","targetHints":{"allow":["GET"]}}],"collection":[{"href":"https:\/\/www.mullor.com\/en\/wp-json\/wp\/v2\/posts"}],"about":[{"href":"https:\/\/www.mullor.com\/en\/wp-json\/wp\/v2\/types\/post"}],"author":[{"embeddable":true,"href":"https:\/\/www.mullor.com\/en\/wp-json\/wp\/v2\/users\/6"}],"replies":[{"embeddable":true,"href":"https:\/\/www.mullor.com\/en\/wp-json\/wp\/v2\/comments?post=2406"}],"version-history":[{"count":5,"href":"https:\/\/www.mullor.com\/en\/wp-json\/wp\/v2\/posts\/2406\/revisions"}],"predecessor-version":[{"id":3252,"href":"https:\/\/www.mullor.com\/en\/wp-json\/wp\/v2\/posts\/2406\/revisions\/3252"}],"wp:featuredmedia":[{"embeddable":true,"href":"https:\/\/www.mullor.com\/en\/wp-json\/wp\/v2\/media\/2407"}],"wp:attachment":[{"href":"https:\/\/www.mullor.com\/en\/wp-json\/wp\/v2\/media?parent=2406"}],"wp:term":[{"taxonomy":"category","embeddable":true,"href":"https:\/\/www.mullor.com\/en\/wp-json\/wp\/v2\/categories?post=2406"},{"taxonomy":"post_tag","embeddable":true,"href":"https:\/\/www.mullor.com\/en\/wp-json\/wp\/v2\/tags?post=2406"}],"curies":[{"name":"wp","href":"https:\/\/api.w.org\/{rel}","templated":true}]}}