{"id":2779,"date":"2021-11-09T20:16:00","date_gmt":"2021-11-09T19:16:00","guid":{"rendered":"https:\/\/www.mullor.com\/?p=2779"},"modified":"2021-11-09T20:22:28","modified_gmt":"2021-11-09T19:22:28","slug":"premios-fidem-2021","status":"publish","type":"post","link":"https:\/\/www.mullor.com\/en\/premios-fidem-2021\/","title":{"rendered":"Premios Fidem 2021"},"content":{"rendered":"<p>El pasado jueves 4 de noviembre tuvo lugar en el Cosmocaixa de Barcelona la 24\u00aa edici\u00f3n de los premios Fidem otorgados por la <a href=\"https:\/\/www.fidem.info\/es\/\" target=\"_blank\" rel=\"noreferrer noopener\" title=\"https:\/\/www.fidem.info\/es\/\">Fundaci\u00f3n Internacional de la Mujer Emprendedora<\/a>.<\/p>\n\n\n\n<p><a href=\"https:\/\/www.mullor.com\/en\/sobre-mullor\/historia\/\" target=\"_blank\" rel=\"noreferrer noopener\" title=\"https:\/\/www.mullor.com\/sobre-mullor\/historia\/\">Mullor tiene una larga trayectoria<\/a> de relaci\u00f3n con Fidem. En 2003, D\u00aa. Teresa Boix, viuda del Sr. Mullor recibi\u00f3 el premio a la Empresa Familiar. Actualmente D\u00aa. Mercedes Mullor es miembro del Patronato de Fidem. Mullor colabora  como empresa con los <a href=\"https:\/\/www.fidem.info\/es\/premios-fidem\" target=\"_blank\" rel=\"noreferrer noopener\" title=\"https:\/\/www.fidem.info\/es\/premios-fidem\">Premis Fidem<\/a>.<\/p>\n\n\n\n<p><strong>Los Premios FIDEM son un homenaje y reconocimiento a los \u00e9xitos obtenidos por mujeres que, con su buena gesti\u00f3n, contribuyen a cambiar el mundo.<\/strong> Los premios se entregan desde hace 22 a\u00f1os hacemos y es una forma de reconocer y visualizar el trabajo llevado a cabo por empresarias y demostrar p\u00fablicamente los \u00e9xitos logrados.<\/p>\n\n\n\n<p>En todos estos a\u00f1os se han entregado m\u00e1s de 130 premios en sus diferentes categor\u00edas.<\/p>\n\n\n\n<p>En esta edici\u00f3n de 2021 las mujeres premiadas fueron: <\/p>\n\n\n\n<ul class=\"wp-block-list\"><li>Isabel Reig L\u00f3pez de Laboratorios Reig Jofr\u00e9 <strong>Premio a la Empresa Familiar<\/strong>, <\/li><li>Marta Barrachina fundadora de Admit Therapeutics <strong>Premio a la Innovaci\u00f3n<\/strong>, <\/li><li>Maria Blasco directora del CNIO <strong>Premio Tecnolog\u00eda<\/strong>, <\/li><li>Guayente Sanmartin vicepresidenta y directora general mundial de negocio de &#8216;HP 3D <strong>Premio a la trayectoria profesional<\/strong>, <\/li><li>Nausica Trias Ceo de Asis Group Gutierrez <strong>Premio a la Emprendedur\u00eda<\/strong>.<\/li><\/ul>\n\n\n\n<p>\u00a1Felicidades a todas las premiadas!<\/p>\n\n\n\n<figure class=\"wp-block-image size-full\"><img fetchpriority=\"high\" decoding=\"async\" width=\"1020\" height=\"556\" src=\"https:\/\/www.mullor.com\/wp-content\/uploads\/2021\/11\/premios-fidem-2021-premiadas.webp\" alt=\"Premiadas con el Premio FIDEM 2021 a mujeres que contribuyen a cambiar el mundo\" class=\"wp-image-2784\" srcset=\"https:\/\/www.mullor.com\/wp-content\/uploads\/2021\/11\/premios-fidem-2021-premiadas.webp 1020w, https:\/\/www.mullor.com\/wp-content\/uploads\/2021\/11\/premios-fidem-2021-premiadas-300x164.webp 300w, https:\/\/www.mullor.com\/wp-content\/uploads\/2021\/11\/premios-fidem-2021-premiadas-768x419.webp 768w, https:\/\/www.mullor.com\/wp-content\/uploads\/2021\/11\/premios-fidem-2021-premiadas-18x10.webp 18w, https:\/\/www.mullor.com\/wp-content\/uploads\/2021\/11\/premios-fidem-2021-premiadas-800x436.webp 800w\" sizes=\"(max-width: 1020px) 100vw, 1020px\" \/><\/figure>","protected":false},"excerpt":{"rendered":"<p>Rese\u00f1a de los Premios FIDEM 2021 que reconoce los \u00e9xitos obtenidos por mujeres que, con su buena gesti\u00f3n, contribuyen a cambiar el mundo y d\u00f3nde Mullor colabora<\/p>","protected":false},"author":6,"featured_media":2783,"comment_status":"open","ping_status":"open","sticky":false,"template":"","format":"standard","meta":{"footnotes":""},"categories":[27],"tags":[85,29],"class_list":["post-2779","post","type-post","status-publish","format-standard","has-post-thumbnail","hentry","category-comunicacion","tag-premios-fidem","tag-rse"],"aioseo_notices":[],"_links":{"self":[{"href":"https:\/\/www.mullor.com\/en\/wp-json\/wp\/v2\/posts\/2779","targetHints":{"allow":["GET"]}}],"collection":[{"href":"https:\/\/www.mullor.com\/en\/wp-json\/wp\/v2\/posts"}],"about":[{"href":"https:\/\/www.mullor.com\/en\/wp-json\/wp\/v2\/types\/post"}],"author":[{"embeddable":true,"href":"https:\/\/www.mullor.com\/en\/wp-json\/wp\/v2\/users\/6"}],"replies":[{"embeddable":true,"href":"https:\/\/www.mullor.com\/en\/wp-json\/wp\/v2\/comments?post=2779"}],"version-history":[{"count":5,"href":"https:\/\/www.mullor.com\/en\/wp-json\/wp\/v2\/posts\/2779\/revisions"}],"predecessor-version":[{"id":2790,"href":"https:\/\/www.mullor.com\/en\/wp-json\/wp\/v2\/posts\/2779\/revisions\/2790"}],"wp:featuredmedia":[{"embeddable":true,"href":"https:\/\/www.mullor.com\/en\/wp-json\/wp\/v2\/media\/2783"}],"wp:attachment":[{"href":"https:\/\/www.mullor.com\/en\/wp-json\/wp\/v2\/media?parent=2779"}],"wp:term":[{"taxonomy":"category","embeddable":true,"href":"https:\/\/www.mullor.com\/en\/wp-json\/wp\/v2\/categories?post=2779"},{"taxonomy":"post_tag","embeddable":true,"href":"https:\/\/www.mullor.com\/en\/wp-json\/wp\/v2\/tags?post=2779"}],"curies":[{"name":"wp","href":"https:\/\/api.w.org\/{rel}","templated":true}]}}