{"id":3039,"date":"2022-01-23T19:40:55","date_gmt":"2022-01-23T18:40:55","guid":{"rendered":"https:\/\/www.mullor.com\/?p=3039"},"modified":"2022-01-23T19:51:28","modified_gmt":"2022-01-23T18:51:28","slug":"mullor-patrocina-el-premio-a-la-equidad-de-genero-2021","status":"publish","type":"post","link":"https:\/\/www.mullor.com\/en\/mullor-patrocina-el-premio-a-la-equidad-de-genero-2021\/","title":{"rendered":"Mullor patrocina el premio a la Equidad de G\u00e9nero 2021"},"content":{"rendered":"<p>Dentro de nuestro firme <a href=\"https:\/\/www.mullor.com\/en\/responsabilidad-social-corporativa\/\" target=\"_blank\" rel=\"noreferrer noopener\" title=\"compromiso con el desarrollo social\">compromiso social y con la igualdad de oportunidades<\/a> desde hace unos a\u00f1os Mullor colabora con la <a href=\"https:\/\/www.aprendizajeservicio.net\/\" target=\"_blank\" rel=\"noreferrer noopener\" title=\"Red Espa\u00f1ola de Aprendizaje-Servicio\">Red Espa\u00f1ola de Aprendizaje-Servicio<\/a> que, conjuntamente con la Fundaci\u00f3n Edeb\u00e9, organizan anualmente los <strong>Premios Aprendizaje y Servicio (ApS)<\/strong>. Estos premios cuentan con la colaboraci\u00f3n del Ministerio de Educaci\u00f3n y Formaci\u00f3n Profesional y con el apoyo de diversas empresas que patrocinan las diferentes categor\u00edas. En concreto, <strong>Mullor y la\u00a0<a href=\"https:\/\/www.fundacionanabella.org\/\" target=\"_blank\" rel=\"noreferrer noopener\">Fundaci\u00f3n Ana Bella<\/a>\u00a0patrocinan la categor\u00eda Equidad de G\u00e9nero<\/strong>.<\/p>\n\n\n\n<p>Estos premios, dirigidos a centros de Educaci\u00f3n Infantil, Primaria, Secundaria, Bachillerato y Formaci\u00f3n Profesional, as\u00ed como a entidades sociales que est\u00e9n desarrollando pr\u00e1cticas de ApS, con la finalidad de fomentar la ciudadan\u00eda activa en los ni\u00f1os, ni\u00f1as y adolescentes desarrollando proyectos solidarios que pone en juego conocimientos, habilidades, actitudes y valores.<\/p>\n\n\n\n<p>Todos los a\u00f1os se presentan proyectos provenientes de esos centros educativos de toda Espa\u00f1a y desarrollados por los propios alumnos. En concreto <a href=\"https:\/\/www.aprendizajeservicio.net\/resultado-de-los-premios-aps-2021\/\" title=\"en la edici\u00f3n de 2021 se presentaron 358 proyecto\" target=\"_blank\" rel=\"noreferrer noopener\">en la edici\u00f3n de 2021 se presentaron 358 proyectos<\/a> y, despu\u00e9s de una evaluaci\u00f3n previa por parte de 77 expertos, un jurado formado por 16 personas otorg\u00f3 21 premios en las diferentes categor\u00edas.<\/p>\n\n\n\n<p><strong>Mullor y la Fundaci\u00f3n Ana Bella hemos patrocinado el premio en la categor\u00eda Equidad de G\u00e9nero que este a\u00f1o ha ido a parar al proyecto \u00ab<a href=\"https:\/\/www.aprendizajeservicio.net\/premio-a-la-equidad-de-genero-2\/\" target=\"_blank\" rel=\"noreferrer noopener\" title=\"Mis calles tienen oficios\">Mis calles tienen oficios<\/a>\u00bb de la Fundaci\u00f3n APY Solidaridad y el colegio de Educaci\u00f3n Infantil\u00a0Julio C\u00e9sar\u00a0de Sevilla<\/strong>.<\/p>\n\n\n\n<p>El proyecto que ha desarrollado alumnado de 3 a 6 a\u00f1os, junto con sus familias, investiga y analiza la distribuci\u00f3n desigual entre hombres y mujeres en los nombres de las calles de su barrio dedicadas a las profesiones y presenta una propuesta a la Junta del Distrito y a la comunidad de vecinos para cambiar el nombre de una calle como \u00abCalle Escritoras\u00bb.<\/p>\n\n\n\n<p>A continuaci\u00f3n os dejamos un v\u00eddeo para que pod\u00e1is conocer el proyecto contado por quienes lo han desarrollado:<\/p>\n\n\n\n<figure class=\"wp-block-embed is-type-video is-provider-youtube wp-block-embed-youtube wp-embed-aspect-16-9 wp-has-aspect-ratio\"><div class=\"wp-block-embed__wrapper\">\n<iframe title=\"MIS CALLES TIENEN OFICIO\" width=\"500\" height=\"281\" src=\"https:\/\/www.youtube.com\/embed\/3H5yB1y0rlE?feature=oembed\" frameborder=\"0\" allow=\"accelerometer; autoplay; clipboard-write; encrypted-media; gyroscope; picture-in-picture; web-share\" referrerpolicy=\"strict-origin-when-cross-origin\" allowfullscreen><\/iframe>\n<\/div><\/figure>\n\n\n\n<p>Felicitamos a la Fundaci\u00f3n Apy Solidaridad, al Colegio Julio C\u00e9sar y, muy especialmente, al alumnado y a sus familias. \u00a1Nuestra enhorabuena! <\/p>\n\n\n\n<p>Para Mullor es un honor poder colaborar con iniciativas como la que encabeza la Red Espa\u00f1ola de Aprendizaje-Servicio que quiere reconocer la capacidad de los nin\u0303os, nin\u0303as y jo\u0301venes, en especial aquellos con menores oportunidades, de provocar cambios positivos en el entorno y fortalecer y difundir en la sociedad una cultura participativa, solidaria y de compromiso ci\u0301vico, con enfoque en la justicia social y derechos humanos.<\/p>\n\n\n\n<p>Si quer\u00e9is ver el acto de entrega integro pod\u00e9is <a href=\"https:\/\/youtu.be\/JOXS3Dl-r7E\" target=\"_blank\" rel=\"noreferrer noopener\" title=\"acceder al v\u00eddeo con la gala de entrega\">acceder al v\u00eddeo con la gala de entrega<\/a> que se celebr\u00f3 el pasado 17 de diciembre de 2021.<\/p>","protected":false},"excerpt":{"rendered":"<p>Dentro de nuestro compromiso social en Mullor patrocinamos el premio a la Equidad de G\u00e9nero que otorga cada a\u00f1o la Red Espa\u00f1ola de Aprendizaje-Servicio.<\/p>","protected":false},"author":6,"featured_media":3040,"comment_status":"open","ping_status":"open","sticky":false,"template":"","format":"standard","meta":{"footnotes":""},"categories":[25],"tags":[90,89,41],"class_list":["post-3039","post","type-post","status-publish","format-standard","has-post-thumbnail","hentry","category-rse","tag-aps","tag-premios-aprendizaje-servicio","tag-responsabilidad-social"],"aioseo_notices":[],"_links":{"self":[{"href":"https:\/\/www.mullor.com\/en\/wp-json\/wp\/v2\/posts\/3039","targetHints":{"allow":["GET"]}}],"collection":[{"href":"https:\/\/www.mullor.com\/en\/wp-json\/wp\/v2\/posts"}],"about":[{"href":"https:\/\/www.mullor.com\/en\/wp-json\/wp\/v2\/types\/post"}],"author":[{"embeddable":true,"href":"https:\/\/www.mullor.com\/en\/wp-json\/wp\/v2\/users\/6"}],"replies":[{"embeddable":true,"href":"https:\/\/www.mullor.com\/en\/wp-json\/wp\/v2\/comments?post=3039"}],"version-history":[{"count":4,"href":"https:\/\/www.mullor.com\/en\/wp-json\/wp\/v2\/posts\/3039\/revisions"}],"predecessor-version":[{"id":3045,"href":"https:\/\/www.mullor.com\/en\/wp-json\/wp\/v2\/posts\/3039\/revisions\/3045"}],"wp:featuredmedia":[{"embeddable":true,"href":"https:\/\/www.mullor.com\/en\/wp-json\/wp\/v2\/media\/3040"}],"wp:attachment":[{"href":"https:\/\/www.mullor.com\/en\/wp-json\/wp\/v2\/media?parent=3039"}],"wp:term":[{"taxonomy":"category","embeddable":true,"href":"https:\/\/www.mullor.com\/en\/wp-json\/wp\/v2\/categories?post=3039"},{"taxonomy":"post_tag","embeddable":true,"href":"https:\/\/www.mullor.com\/en\/wp-json\/wp\/v2\/tags?post=3039"}],"curies":[{"name":"wp","href":"https:\/\/api.w.org\/{rel}","templated":true}]}}