{"id":3756,"date":"2022-05-24T19:12:58","date_gmt":"2022-05-24T17:12:58","guid":{"rendered":"https:\/\/www.mullor.com\/?p=3756"},"modified":"2023-11-20T13:29:17","modified_gmt":"2023-11-20T12:29:17","slug":"primer-foro-mujer-liderazgo-y-turismo","status":"publish","type":"post","link":"https:\/\/www.mullor.com\/en\/primer-foro-mujer-liderazgo-y-turismo\/","title":{"rendered":"Primer foro Mujer, Liderazgo y Turismo"},"content":{"rendered":"<p>El pasado mi\u00e9rcoles 18 de mayo tuvo lugar la Jornada #AEDHVenus, el <strong>primer foro de discusi\u00f3n sobre Mujer, Liderazgo y Turismo<\/strong>, organizado por la AEDH (Asociaci\u00f3n Espa\u00f1ola de Directores de Hotel) y la Fundaci\u00f3 Climent Guitart. En \u00e9l participaron m\u00e1s de 20 ponentes, todos ellos l\u00edderes en sus respectivas \u00e1reas y casi todos ellos, mujeres. <strong>Entre los ponentes se encontraba nuestra Consejera Delegada, Merc\u00e8 Mullor<\/strong>.<\/p>\n\n\n\n<p>Entre las conclusiones de las ponentes podemos destacar:<\/p>\n\n\n\n<ul class=\"wp-block-list\"><li>la necesidad de confeccionar una hoja de ruta hacia un liderazgo compartido<\/li><li>mejorar las oportunidades para el talento femenino<\/li><li>la importancia de que las medidas de conciliaci\u00f3n sean reales y no est\u00e9ticas<\/li><li>desarrollarse en un proyecto laboral motivador y ganar m\u00e1s dinero<\/li><li>visibilizar a mujeres referentes<\/li><li>el mentoring como palanca<\/li><li>la formaci\u00f3n y que se potencien los curr\u00edculos sin que se aplique sesgo alguno por g\u00e9nero o edad<\/li><\/ul>\n\n\n\n<p>En su mesa, Merc\u00e8 Mullor ha coincidido en que la tendencia es a \u00abuna situaci\u00f3n m\u00e1s equilibrada\u00bb y ha indicado que se est\u00e1 actualmente \u00aben un momento de igualar\u00bb.<\/p>\n\n\n\n<p>Pod\u00e9is leer el art\u00edculo que ha publicado La Vanguardia sobre Mujeres y liderazgo compartido y el de la propia AEDH en su web con <a href=\"https:\/\/www.aedh.es\/2022\/05\/aedhvenus-primer-foro-mujer-liderazgo-y-turismo-de-la-aedh\/\" target=\"_blank\" rel=\"noreferrer noopener\" title=\"todas las participantes en el foro\">todas las participantes en el foro<\/a> y m\u00e1s conclusiones de lo que se dijo en las diferentes mesas de debate.<\/p>\n\n\n\n<blockquote class=\"wp-block-quote has-text-align-center has-medium-font-size is-layout-flow wp-block-quote-is-layout-flow\"><p><strong>El liderazgo no tiene g\u00e9nero, sino val\u00eda. Por eso, para ser completo, debe ser compartido.<\/strong><\/p><cite>Foro <em>#AEDHVenus<\/em><\/cite><\/blockquote>\n\n\n\n<div style=\"height:42px\" aria-hidden=\"true\" class=\"wp-block-spacer\"><\/div>\n\n\n\n<p><\/p>","protected":false},"excerpt":{"rendered":"<p>El pasado mi\u00e9rcoles 18 de mayo tuvo lugar la Jornada #AEDHVenus, el primer foro de discusi\u00f3n sobre Mujer, Liderazgo y Turismo, organizado por la AEDH (Asociaci\u00f3n Espa\u00f1ola de Directores de Hotel) y la Fundaci\u00f3 Climent Guitart. En \u00e9l participaron m\u00e1s de 20 ponentes, todos ellos l\u00edderes en sus respectivas \u00e1reas y casi todos ellos, mujeres. Entre los ponentes se encontraba<\/p>\n<p><a class=\"more-link\" href=\"https:\/\/www.mullor.com\/en\/primer-foro-mujer-liderazgo-y-turismo\/\">Read More<\/a><\/p>","protected":false},"author":6,"featured_media":3757,"comment_status":"open","ping_status":"open","sticky":false,"template":"","format":"standard","meta":{"footnotes":""},"categories":[27,25],"tags":[96,97],"class_list":["post-3756","post","type-post","status-publish","format-standard","has-post-thumbnail","hentry","category-comunicacion","category-rse","tag-aedh","tag-foro-mujer-y-liderazgo"],"aioseo_notices":[],"_links":{"self":[{"href":"https:\/\/www.mullor.com\/en\/wp-json\/wp\/v2\/posts\/3756","targetHints":{"allow":["GET"]}}],"collection":[{"href":"https:\/\/www.mullor.com\/en\/wp-json\/wp\/v2\/posts"}],"about":[{"href":"https:\/\/www.mullor.com\/en\/wp-json\/wp\/v2\/types\/post"}],"author":[{"embeddable":true,"href":"https:\/\/www.mullor.com\/en\/wp-json\/wp\/v2\/users\/6"}],"replies":[{"embeddable":true,"href":"https:\/\/www.mullor.com\/en\/wp-json\/wp\/v2\/comments?post=3756"}],"version-history":[{"count":9,"href":"https:\/\/www.mullor.com\/en\/wp-json\/wp\/v2\/posts\/3756\/revisions"}],"predecessor-version":[{"id":4622,"href":"https:\/\/www.mullor.com\/en\/wp-json\/wp\/v2\/posts\/3756\/revisions\/4622"}],"wp:featuredmedia":[{"embeddable":true,"href":"https:\/\/www.mullor.com\/en\/wp-json\/wp\/v2\/media\/3757"}],"wp:attachment":[{"href":"https:\/\/www.mullor.com\/en\/wp-json\/wp\/v2\/media?parent=3756"}],"wp:term":[{"taxonomy":"category","embeddable":true,"href":"https:\/\/www.mullor.com\/en\/wp-json\/wp\/v2\/categories?post=3756"},{"taxonomy":"post_tag","embeddable":true,"href":"https:\/\/www.mullor.com\/en\/wp-json\/wp\/v2\/tags?post=3756"}],"curies":[{"name":"wp","href":"https:\/\/api.w.org\/{rel}","templated":true}]}}