{"id":3928,"date":"2022-06-28T08:49:35","date_gmt":"2022-06-28T06:49:35","guid":{"rendered":"https:\/\/www.mullor.com\/?p=3928"},"modified":"2022-06-28T09:23:56","modified_gmt":"2022-06-28T07:23:56","slug":"el-nostre-company-guillem-angles-guanya-la-medalla-dor-al-jocs-de-berlin-2022","status":"publish","type":"post","link":"https:\/\/www.mullor.com\/en\/el-nostre-company-guillem-angles-guanya-la-medalla-dor-al-jocs-de-berlin-2022\/","title":{"rendered":"El nostre company Guillem Angl\u00e9s guanya la medalla d&#8217;or al Jocs de Berl\u00edn 2022"},"content":{"rendered":"<p>En Guillem Angl\u00e9s \u00e9s el nostre company i jugador de b\u00e0squet dels <a href=\"https:\/\/www.mullor.com\/en\/magics-cb-barna-selid\/\" target=\"_blank\" rel=\"noreferrer noopener\" title=\"M\u00e0gics CB Barna \u2013 SELID\">Magic Barna Selid<\/a> i representant de la selecci\u00f3 espanyola en la categoria de Special Olimpic. Va guanyar la medalla d\u2019or a les Olimp\u00edades d\u2019Abu Dabi al 2019 i ara es torna a penjar una altra medalla d&#8217;or, la dels <a href=\"https:\/\/www.berlin2022.org\/en\/\" target=\"_blank\" rel=\"noreferrer noopener\" title=\"Jocs Nacionals de Berl\u00edn 2022\">Jocs Nacionals de Berl\u00edn 2022<\/a> que s&#8217;han celebrat del 19 al 24 de juny passats.<\/p>\n\n\n<div class=\"wp-block-image\">\n<figure class=\"alignright size-large is-resized\"><img fetchpriority=\"high\" decoding=\"async\" src=\"https:\/\/www.mullor.com\/wp-content\/uploads\/2022\/06\/Guillem-768x1024.jpg\" alt=\"Guillem Angl\u00e9s, guanyador de la medalla d'or als Jocs Nacionals de Berl\u00edn 2022 en la categoria de basket\" class=\"wp-image-3930\" width=\"384\" height=\"512\" srcset=\"https:\/\/www.mullor.com\/wp-content\/uploads\/2022\/06\/Guillem-768x1023.jpg 768w, https:\/\/www.mullor.com\/wp-content\/uploads\/2022\/06\/Guillem-225x300.jpg 225w, https:\/\/www.mullor.com\/wp-content\/uploads\/2022\/06\/Guillem-9x12.jpg 9w, https:\/\/www.mullor.com\/wp-content\/uploads\/2022\/06\/Guillem.jpg 800w\" sizes=\"(max-width: 384px) 100vw, 384px\" \/><\/figure>\n<\/div>\n\n\n<p>Ara, ja de tornada amb la medalla guanyada penjada del coll, l&#8217;hem entrevistat. Aix\u00f2 \u00e9s el que ens ha explicat:<\/p>\n\n\n\n<ul class=\"wp-block-list\"><li>Qu\u00e8 \u00e9s el que m\u00e9s t\u2019ha agradat de l\u2019experi\u00e8ncia?<\/li><\/ul>\n\n\n\n<p>El poder jugar en una ciutat a la que sempre he volgut anar.&nbsp; Tamb\u00e9, tenir l\u2019oportunitat de con\u00e8ixer millor companys i companyes que durant la lliga s\u00f3n els meus rivals.<\/p>\n\n\n\n<ul class=\"wp-block-list\"><li>Qu\u00e8 us ha portat a guanyar l\u2019or?<\/li><\/ul>\n\n\n\n<p>Que <strong>la uni\u00f3 fa la for\u00e7a<\/strong>. Cadasc\u00fa de nosaltres aportem el nostre talent i tots junts formem un equip molt competitiu.<\/p>\n\n\n\n<ul class=\"wp-block-list\"><li>Quins s\u00f3n les teus propers objectius?<\/li><\/ul>\n\n\n\n<p>Poder jugar els propers mundials al 2023 que es faran a Berl\u00edn.<\/p>\n\n\n\n<p>Gr\u00e0cies!<\/p>\n\n\n\n<p>Moltes felicitats al Guillem i a tot l&#8217;equip per aquesta medalla d&#8217;or.<\/p>","protected":false},"excerpt":{"rendered":"<p>Guillem Angl\u00e9s, company a Mullor, ha guanyat la medalla d&#8217;or amb la selecci\u00f3 espanyola de basquet als Jocs Nacionals de Berl\u00edn 2022.<\/p>","protected":false},"author":6,"featured_media":1982,"comment_status":"open","ping_status":"open","sticky":false,"template":"","format":"standard","meta":{"footnotes":""},"categories":[27,19],"tags":[],"class_list":["post-3928","post","type-post","status-publish","format-standard","has-post-thumbnail","hentry","category-comunicacion","category-personas"],"aioseo_notices":[],"_links":{"self":[{"href":"https:\/\/www.mullor.com\/en\/wp-json\/wp\/v2\/posts\/3928","targetHints":{"allow":["GET"]}}],"collection":[{"href":"https:\/\/www.mullor.com\/en\/wp-json\/wp\/v2\/posts"}],"about":[{"href":"https:\/\/www.mullor.com\/en\/wp-json\/wp\/v2\/types\/post"}],"author":[{"embeddable":true,"href":"https:\/\/www.mullor.com\/en\/wp-json\/wp\/v2\/users\/6"}],"replies":[{"embeddable":true,"href":"https:\/\/www.mullor.com\/en\/wp-json\/wp\/v2\/comments?post=3928"}],"version-history":[{"count":9,"href":"https:\/\/www.mullor.com\/en\/wp-json\/wp\/v2\/posts\/3928\/revisions"}],"predecessor-version":[{"id":3940,"href":"https:\/\/www.mullor.com\/en\/wp-json\/wp\/v2\/posts\/3928\/revisions\/3940"}],"wp:featuredmedia":[{"embeddable":true,"href":"https:\/\/www.mullor.com\/en\/wp-json\/wp\/v2\/media\/1982"}],"wp:attachment":[{"href":"https:\/\/www.mullor.com\/en\/wp-json\/wp\/v2\/media?parent=3928"}],"wp:term":[{"taxonomy":"category","embeddable":true,"href":"https:\/\/www.mullor.com\/en\/wp-json\/wp\/v2\/categories?post=3928"},{"taxonomy":"post_tag","embeddable":true,"href":"https:\/\/www.mullor.com\/en\/wp-json\/wp\/v2\/tags?post=3928"}],"curies":[{"name":"wp","href":"https:\/\/api.w.org\/{rel}","templated":true}]}}