{"id":3978,"date":"2022-07-18T18:20:39","date_gmt":"2022-07-18T16:20:39","guid":{"rendered":"https:\/\/www.mullor.com\/?p=3978"},"modified":"2022-07-18T18:20:40","modified_gmt":"2022-07-18T16:20:40","slug":"maria-del-carmen-gomez-una-encargada-excursionista-a-la-que-le-gustara-perderse-por-la-garrotxa","status":"publish","type":"post","link":"https:\/\/www.mullor.com\/en\/maria-del-carmen-gomez-una-encargada-excursionista-a-la-que-le-gustara-perderse-por-la-garrotxa\/","title":{"rendered":"Maria del Carmen G\u00f3mez, una encargada excursionista a la que le gustar\u00e1 perderse por la Garrotxa"},"content":{"rendered":"<p><strong>No todos los d\u00edas se jubila una persona referente en el Grupo Mullor y este mes ha sido el turno de Mar\u00eda del\u00a0Carmen G\u00f3mez<\/strong>, encargada de Mullor en el Centro Comercial L&#8217;Illa Diagonal.<\/p>\n\n\n\n<p>Desde Mullor queremos aprovechar para <strong>reconocer el trabajo bien hecho, la profesionalidad y los valores<\/strong> que personas como Mari Carmen tienen y que hacen que Grupo Mullor sea la empresa que es hoy, una empresa referente en el sector.\u00a0<\/p>\n\n\n<div class=\"wp-block-image\">\n<figure class=\"alignright size-full is-resized\"><img fetchpriority=\"high\" decoding=\"async\" src=\"https:\/\/www.mullor.com\/wp-content\/uploads\/2022\/07\/maria-del-carmen-gomez.jpg\" alt=\"personal de mullor\" class=\"wp-image-3981\" width=\"550\" height=\"534\" srcset=\"https:\/\/www.mullor.com\/wp-content\/uploads\/2022\/07\/maria-del-carmen-gomez.jpg 900w, https:\/\/www.mullor.com\/wp-content\/uploads\/2022\/07\/maria-del-carmen-gomez-300x291.jpg 300w, https:\/\/www.mullor.com\/wp-content\/uploads\/2022\/07\/maria-del-carmen-gomez-768x746.jpg 768w, https:\/\/www.mullor.com\/wp-content\/uploads\/2022\/07\/maria-del-carmen-gomez-12x12.jpg 12w, https:\/\/www.mullor.com\/wp-content\/uploads\/2022\/07\/maria-del-carmen-gomez-800x777.jpg 800w\" sizes=\"(max-width: 550px) 100vw, 550px\" \/><\/figure>\n<\/div>\n\n\n<p>Os compartimos una entrevista que le hicimos hace poco tiempo que muestra tanto a la persona como a la profesional<\/p>\n\n\n\n<p><em><strong>En enero de 2009, cuando fue subrogado el servicio del CC L\u2019Illa, \u00bfC\u00f3mo recuerdas aquellos inicios?\u00a0\u00bfQu\u00e9 es lo que te result\u00f3 m\u00e1s complicado cuando llegaste Mullor?\u00a0<\/strong><\/em><\/p>\n\n\n\n<p><em>Yo estaba de tarde como responsable de equipo y pasaron dos meses cuando promocion\u00e9.<\/em><\/p>\n\n\n\n<p><em>Los principios\u00a0fueron duros\u00a0pero si tienes ganas de trabajar, y con el tiempo, todos nos hemos ido adaptando\u00a0los\u00a0unos a otros.<\/em><\/p>\n\n\n\n<p><em>Hemos ido adecuando la forma de trabajar a las necesidades y caracter\u00edsticas de un centro comercial como es L&#8217;Illa Diagonal.<\/em><\/p>\n\n\n\n<p><em>Pese a tener altos y bajos, la empresa siempre ha respondido.<\/em><\/p>\n\n\n\n<p><em><strong>\u00bfQu\u00e9 es lo que m\u00e1s valoras de tu\u00a0trabajo?<\/strong><\/em><\/p>\n\n\n\n<p><em>Creo que estamos realizando muy buen trabajo en este centro. Ahora ya me queda poco para jubilarme pero me siento muy orgullosa del legado que dejo tras estos 29 a\u00f1os.<\/em><\/p>\n\n\n\n<p><em>Siempre he contado con\u00a0el respaldo de una buena empresa como Mullor, porque sino no llegas a ning\u00fan sitio. Adem\u00e1s, el equipo de trabajo que hemos ido formando entre todas y todos a lo largo de estos a\u00f1os ha resuelto la complejidad de todos los imprevistos, y eso nos ha unido y fortalecido. Por ejemplo, inundaciones, camiones que vierten aceite, las desinfecciones de COVID.<\/em><\/p>\n\n\n\n<p><em>Somos un equipo de trabajo polivalente. Todos sabemos y hacemos de todo, aunque cada uno tenga su especialidad. \u00c9sta siempre ha sido mi filosof\u00eda y manera de hacer.<\/em><\/p>\n\n\n\n<p><em>Me voy con pena porque me encanta mi trabajo. He aprendido mucho de todas las situaciones vividas y de todas las personas con las que he compartido jornada de trabajo, pero s\u00e9 que lo dejo en muy buenas manos.<\/em><\/p>\n\n\n\n<p><strong><em>\u00bfQu\u00e9 haces en tu tiempo libre?<\/em><\/strong><\/p>\n\n\n\n<p><em>Me gusta mucho hacer excursiones por la monta\u00f1a. Soy una fan\u00e1tica de la Garrotxa, una comarca de Girona.<\/em><\/p>\n\n\n\n<p>Despu\u00e9s de m\u00e1s de 29 a\u00f1os responsabiliz\u00e1ndose del cuidado y la <a href=\"https:\/\/www.mullor.com\/en\/sectores\/comercio-ocio-cultura\/\" target=\"_blank\" rel=\"noreferrer noopener\" title=\"limpieza de zonas comunes\">limpieza de zonas comunes<\/a> en este gran centro comercial de Barcelona.<\/p>\n\n\n\n<p>Seguro que ser\u00e1 le dif\u00edcil desconectar del trabajo, pero ahora lo que le deseamos es salud para poder disfrutar de su merecida jubilaci\u00f3n y que vaya a L\u2019Illa a saludar a los compa\u00f1eros, ir de compras y tomar un delicioso caf\u00e9.<\/p>\n\n\n\n<p>Mari Carmen es el ejemplo y la esencia de nuestros valores: Efectividad, Respeto, Superaci\u00f3n, Flexibilidad, Proactividad y Compromiso. Sin ellos, dar un buen servicio no es posible.<\/p>\n\n\n\n<p>Gracias a ella otros profesionales han aprendido y se han <a href=\"https:\/\/www.mullor.com\/en\/formacion-y-desarrollo\/\" target=\"_blank\" rel=\"noreferrer noopener\" title=\"Training and Development\">formado en Mullor<\/a> y en estos momentos ya ha dejado preparado a su relevo generacional.<\/p>\n\n\n\n<p>Nos encantar\u00e1 verte de compras por los espacios comerciales de este emblem\u00e1tico centro, ahora que tienes tiempo\u2026 disfruta de los tuyos y de tu merecida jubilaci\u00f3n.<\/p>\n\n\n\n<p>\u00a1Te echaremos de menos, pero sabes que nos puedes venir a visitar cuando quieras y que siempre ser\u00e1s bien recibida!<\/p>\n\n\n\n<p>Gracias Mari Carmen<\/p>","protected":false},"excerpt":{"rendered":"<p>Desde Mullor reconocemos el trabajo bien hecho, la profesionalidad y los valores de Mari Carmen G\u00f3mez, que se ha jubilado este pasado mes, con esta entrevista. <\/p>","protected":false},"author":6,"featured_media":2826,"comment_status":"open","ping_status":"open","sticky":false,"template":"","format":"standard","meta":{"footnotes":""},"categories":[19],"tags":[100,23,101],"class_list":["post-3978","post","type-post","status-publish","format-standard","has-post-thumbnail","hentry","category-personas","tag-jubilacion","tag-personas","tag-valores"],"aioseo_notices":[],"_links":{"self":[{"href":"https:\/\/www.mullor.com\/en\/wp-json\/wp\/v2\/posts\/3978","targetHints":{"allow":["GET"]}}],"collection":[{"href":"https:\/\/www.mullor.com\/en\/wp-json\/wp\/v2\/posts"}],"about":[{"href":"https:\/\/www.mullor.com\/en\/wp-json\/wp\/v2\/types\/post"}],"author":[{"embeddable":true,"href":"https:\/\/www.mullor.com\/en\/wp-json\/wp\/v2\/users\/6"}],"replies":[{"embeddable":true,"href":"https:\/\/www.mullor.com\/en\/wp-json\/wp\/v2\/comments?post=3978"}],"version-history":[{"count":3,"href":"https:\/\/www.mullor.com\/en\/wp-json\/wp\/v2\/posts\/3978\/revisions"}],"predecessor-version":[{"id":3983,"href":"https:\/\/www.mullor.com\/en\/wp-json\/wp\/v2\/posts\/3978\/revisions\/3983"}],"wp:featuredmedia":[{"embeddable":true,"href":"https:\/\/www.mullor.com\/en\/wp-json\/wp\/v2\/media\/2826"}],"wp:attachment":[{"href":"https:\/\/www.mullor.com\/en\/wp-json\/wp\/v2\/media?parent=3978"}],"wp:term":[{"taxonomy":"category","embeddable":true,"href":"https:\/\/www.mullor.com\/en\/wp-json\/wp\/v2\/categories?post=3978"},{"taxonomy":"post_tag","embeddable":true,"href":"https:\/\/www.mullor.com\/en\/wp-json\/wp\/v2\/tags?post=3978"}],"curies":[{"name":"wp","href":"https:\/\/api.w.org\/{rel}","templated":true}]}}