{"id":4048,"date":"2022-09-12T21:13:22","date_gmt":"2022-09-12T19:13:22","guid":{"rendered":"https:\/\/www.mullor.com\/?p=4048"},"modified":"2024-04-01T16:54:52","modified_gmt":"2024-04-01T14:54:52","slug":"convocatoria-premios-aprendizaje-servicio-2022","status":"publish","type":"post","link":"https:\/\/www.mullor.com\/en\/convocatoria-premios-aprendizaje-servicio-2022\/","title":{"rendered":"Convocatoria Premios Aprendizaje-Servicio 2022"},"content":{"rendered":"<p>Un a\u00f1o m\u00e1s nos sentimos muy honrados de poder colaborar con la\u00a0<a href=\"https:\/\/www.aprendizajeservicio.net\/\" target=\"_blank\" rel=\"noreferrer noopener\">Red Espa\u00f1ola de Aprendizaje-Servicio<\/a>\u00a0que, conjuntamente con la Fundaci\u00f3n Edeb\u00e9, organizan anualmente los\u00a0<strong>Premios Aprendizaje y Servicio (ApS)<\/strong>. <\/p>\n\n\n\n<p>Estos premios cuentan con la colaboraci\u00f3n del Ministerio de Educaci\u00f3n y Formaci\u00f3n Profesional y con el apoyo de diversas empresas que patrocinan las diferentes categor\u00edas. En concreto,&nbsp;<strong>Mullor y la&nbsp;<a href=\"https:\/\/www.fundacionanabella.org\/\" target=\"_blank\" rel=\"noreferrer noopener\">Fundaci\u00f3n Ana Bella<\/a>&nbsp;patrocinan la categor\u00eda Equidad de G\u00e9nero<\/strong>.<\/p>\n\n\n\n<p>Estos premios se basan en proyectos que desarrollan estudiantes de toda Espa\u00f1a (de Infantil hasta Bachillerato y FP) y que provocan cambios positivos en el entorno y fortalecen y difunden en la sociedad una cultura participativa, solidaria y de compromiso c\u00edvico, con enfoque en la justicia social y derechos humanos.<\/p>\n\n\n\n<p class=\"has-background\" style=\"background-color:#f6f1f1\"><strong>La presentaci\u00f3n de proyectos termina el pr\u00f3ximo 30 de septiembre<\/strong>, por eso queremos animar a centros educativos y entidades sociales a proponer sus proyectos en la web de los Premios Aprendizaje-Servicio. <\/p>\n\n\n\n<p>Pueden participar en los Premios Aprendizaje-Servicio todos los&nbsp;<strong>centros educativos<\/strong>&nbsp;del Estado espa\u00f1ol p\u00fablicos, concertados o privados, de Infantil-Primaria, ESO-Bachillerato y Formaci\u00f3n Profesional. Tambi\u00e9n pueden participar las&nbsp;<strong>entidades sociales<\/strong>&nbsp;que est\u00e9n desarrollando pr\u00e1cticas de aprendizaje-servicio en cualquiera de comunidad aut\u00f3noma. Para un mayor detalle pod\u00e9is visitar la p\u00e1gina de quien puede participar en la web de Aprendizaje-Servicio.<\/p>\n\n\n\n<p>Si os encontr\u00e1is en alguna de estas categor\u00edas a\u00fan est\u00e1is a tiempo de presentar alguno de los proyectos desarrollados durante el a\u00f1o en vuestro centro educativo y <strong>conseguir as\u00ed fondos para seguir con vuestra labor solidaria<\/strong> y de ayuda a la comunidad. Pod\u00e9is leer <a href=\"https:\/\/www.mullor.com\/en\/mullor-patrocina-el-premio-a-la-equidad-de-genero-2021\/\" target=\"_blank\" rel=\"noopener\" title=\"el art\u00edculo que escribimos con motivo de los premios correspondientes al a\u00f1o 2021\">el art\u00edculo que escribimos con motivo de los premios correspondientes al a\u00f1o 2021<\/a> y as\u00ed podr\u00e9is haceros una idea del tipo de proyectos presentados. <\/p>\n\n\n\n<p>En Mullor, y con la colaboraci\u00f3n de <a href=\"https:\/\/www.fundacionanabella.org\/\" target=\"_blank\" rel=\"noopener\" title=\"Fundaci\u00f3n Ana Bella\">Fundaci\u00f3n Ana Bella<\/a>, buscamos proyectos que trabajen aspectos como la igualdad de oportunidades, la no discriminaci\u00f3n por motivo de g\u00e9nero, la toma de conciencia, la prevenci\u00f3n y la erradicaci\u00f3n de las violencias contra las mujeres y las ni\u00f1as, etc. <\/p>\n\n\n\n<p><strong>Los premios Aprendizaje Servicio son una magn\u00edfica oportunidad para consolidar aprendizajes en los estudiantes mientras prestan un servicio solidario \u00a1No los dejes pasar!<\/strong><\/p>","protected":false},"excerpt":{"rendered":"<p>Un a\u00f1o m\u00e1s, y dentro de nuestro compromiso social en Mullor, patrocinamos el premio a la Equidad de G\u00e9nero que otorga cada a\u00f1o la Red Espa\u00f1ola de Aprendizaje-Servicio.  <\/p>","protected":false},"author":6,"featured_media":4049,"comment_status":"open","ping_status":"open","sticky":false,"template":"","format":"standard","meta":{"footnotes":""},"categories":[27,25],"tags":[90,89,41],"class_list":["post-4048","post","type-post","status-publish","format-standard","has-post-thumbnail","hentry","category-comunicacion","category-rse","tag-aps","tag-premios-aprendizaje-servicio","tag-responsabilidad-social"],"aioseo_notices":[],"_links":{"self":[{"href":"https:\/\/www.mullor.com\/en\/wp-json\/wp\/v2\/posts\/4048","targetHints":{"allow":["GET"]}}],"collection":[{"href":"https:\/\/www.mullor.com\/en\/wp-json\/wp\/v2\/posts"}],"about":[{"href":"https:\/\/www.mullor.com\/en\/wp-json\/wp\/v2\/types\/post"}],"author":[{"embeddable":true,"href":"https:\/\/www.mullor.com\/en\/wp-json\/wp\/v2\/users\/6"}],"replies":[{"embeddable":true,"href":"https:\/\/www.mullor.com\/en\/wp-json\/wp\/v2\/comments?post=4048"}],"version-history":[{"count":8,"href":"https:\/\/www.mullor.com\/en\/wp-json\/wp\/v2\/posts\/4048\/revisions"}],"predecessor-version":[{"id":4697,"href":"https:\/\/www.mullor.com\/en\/wp-json\/wp\/v2\/posts\/4048\/revisions\/4697"}],"wp:featuredmedia":[{"embeddable":true,"href":"https:\/\/www.mullor.com\/en\/wp-json\/wp\/v2\/media\/4049"}],"wp:attachment":[{"href":"https:\/\/www.mullor.com\/en\/wp-json\/wp\/v2\/media?parent=4048"}],"wp:term":[{"taxonomy":"category","embeddable":true,"href":"https:\/\/www.mullor.com\/en\/wp-json\/wp\/v2\/categories?post=4048"},{"taxonomy":"post_tag","embeddable":true,"href":"https:\/\/www.mullor.com\/en\/wp-json\/wp\/v2\/tags?post=4048"}],"curies":[{"name":"wp","href":"https:\/\/api.w.org\/{rel}","templated":true}]}}