{"id":4168,"date":"2022-12-22T17:24:13","date_gmt":"2022-12-22T16:24:13","guid":{"rendered":"https:\/\/www.mullor.com\/?p=4168"},"modified":"2022-12-27T20:40:04","modified_gmt":"2022-12-27T19:40:04","slug":"premios-aprendizaje-servicio-2022","status":"publish","type":"post","link":"https:\/\/www.mullor.com\/en\/premios-aprendizaje-servicio-2022\/","title":{"rendered":"Premios Aprendizaje-Servicio 2022"},"content":{"rendered":"<p>Dentro de nuestro firme&nbsp;<a href=\"https:\/\/www.mullor.com\/en\/responsabilidad-social-corporativa\/\" target=\"_blank\" rel=\"noopener\" title=\"\">compromiso social y con la igualdad de oportunidades<\/a>&nbsp; Mullor continua colaborando con la&nbsp;<a href=\"https:\/\/www.aprendizajeservicio.net\/\" target=\"_blank\" rel=\"noopener\" title=\"\">Red Espa\u00f1ola de Aprendizaje-Servicio<\/a>&nbsp;en el apadrinamiento de los&nbsp;<strong>Premios Aprendizaje y Servicio (ApS)<\/strong>.&nbsp;<\/p>\n\n\n\n<p>Estos premios, y el encuentro que tuvo lugar el pasado viernes 16 de diciembre en su <strong>XV edici\u00f3n<\/strong>, son un reconocimiento a toda la comunidad docente, a t\u00edtulo individual y colectivo, as\u00ed como a los centros de Educaci\u00f3n Infantil, Primaria, Secundaria, Bachillerato y Formaci\u00f3n Profesional que, adem\u00e1s de su actividad intr\u00ednseca, desarrollan pr\u00e1cticas de ApS, con <strong>la finalidad de fomentar la ciudadan\u00eda activa en los ni\u00f1os, ni\u00f1as y adolescentes mediante proyectos solidarios<\/strong> que ponen en juego conocimientos, habilidades, actitudes y valores.&nbsp;<\/p>\n\n\n\n<p>Es, por tanto, un reconocimiento y tambi\u00e9n la apuesta por la capacidad de los ni\u00f1os, ni\u00f1as y j\u00f3venes de provocar cambios positivos en el entorno. Con estos premios se pretende fortalecer y difundir en la sociedad una cultura participativa, solidaria y de compromiso c\u00edvico, con enfoque en la justicia social y derechos humanos.<\/p>\n\n\n\n<p>En concreto,&nbsp;<strong>Mullor y la&nbsp;<\/strong><a href=\"https:\/\/www.fundacionanabella.org\/\" target=\"_blank\" rel=\"noopener\" title=\"\"><strong>Fundaci\u00f3n Ana Bella<\/strong><\/a><strong>&nbsp;apadrinan la categor\u00eda Igualdad<\/strong>. En esta categor\u00eda el premio se otorg\u00f3 al <strong>IES Pablo Picasso<\/strong> por la labor llevada a cabo durante el pasado a\u00f1o acad\u00e9mico por parte de su Ciclo Formativo de Grado Superior de Integraci\u00f3n Social en el desarrollo de m\u00faltiples talleres, jornadas de trabajo e intercambio de experiencias entre sus alumnos y entre \u00e9stos con asociaciones y personas de su entorno geogr\u00e1fico. \u00c9ste es, realmente, un proyecto que consigue involucrar y trabajar con su entorno geogr\u00e1fico pr\u00f3ximo alrededor de la prevenci\u00f3n de la violencia de g\u00e9nero en j\u00f3venes.<\/p>\n\n\n\n<figure class=\"wp-block-image size-full\"><img fetchpriority=\"high\" decoding=\"async\" width=\"1011\" height=\"596\" src=\"https:\/\/www.mullor.com\/wp-content\/uploads\/2022\/12\/Equipo-Instituto-Pablo-Picasso.jpg\" alt=\"El equipo del IES Pablo Picasso con nuestra CEO, Merc\u00e8 Mullor.\" class=\"wp-image-4175\" srcset=\"https:\/\/www.mullor.com\/wp-content\/uploads\/2022\/12\/Equipo-Instituto-Pablo-Picasso.jpg 1011w, https:\/\/www.mullor.com\/wp-content\/uploads\/2022\/12\/Equipo-Instituto-Pablo-Picasso-300x177.jpg 300w, https:\/\/www.mullor.com\/wp-content\/uploads\/2022\/12\/Equipo-Instituto-Pablo-Picasso-768x453.jpg 768w, https:\/\/www.mullor.com\/wp-content\/uploads\/2022\/12\/Equipo-Instituto-Pablo-Picasso-18x12.jpg 18w, https:\/\/www.mullor.com\/wp-content\/uploads\/2022\/12\/Equipo-Instituto-Pablo-Picasso-800x472.jpg 800w\" sizes=\"(max-width: 1011px) 100vw, 1011px\" \/><figcaption class=\"wp-element-caption\">El equipo del IES Pablo Picasso con nuestra CEO, Merc\u00e8 Mullor.<\/figcaption><\/figure>\n\n\n\n<p>Os dejamos <a href=\"https:\/\/youtu.be\/Y4B1_hLQdss\" target=\"_blank\" rel=\"noopener\" title=\"un v\u00eddeo resumen de las iniciativas\">un v\u00eddeo resumen de las iniciativas<\/a> desarrolladas en este proyecto y un enlace a la web de la propia escuela d\u00f3nde <a href=\"https:\/\/sites.google.com\/iesppicasso.org\/proyecto-aprendizaje-servicio\/inicio\" target=\"_blank\" rel=\"noopener\" title=\"acceder\u00e9is al conjunto de informaci\u00f3n y v\u00eddeos\">acceder\u00e9is al conjunto de informaci\u00f3n y v\u00eddeos<\/a> con mucho m\u00e1s detalle, para que pod\u00e1is conocer el proyecto contado por quienes lo han desarrollado.\u00a0<\/p>\n\n\n\n<p>Desde Mullor felicitamos una vez m\u00e1s al profesorado del Instituto Pablo Picasso, su alumnado y sus familias. Y nos hace ilusi\u00f3n ver que estos proyectos tienen impacto y repercusi\u00f3n m\u00e1s all\u00e1 de sus aulas y del curso acad\u00e9mica ya que tendr\u00e1 continuidad el pr\u00f3ximo a\u00f1o. Y, adem\u00e1s, no solo en el propio Instituto Pablo Picasso sino que, como nos han contado las promotoras iniciales de este proyecto (que actualmente ya est\u00e1n trabajando en otro instituto), est\u00e1n comprometidas a impulsar un proyecto comparable en su nuevo instituto. <strong>\u00a1Felicidades Margarita y Concha por vuestro liderazgo!<\/strong><\/p>\n\n\n\n<p>Adem\u00e1s, el <strong>Instituto Pablo Picasso ha decidido donar la dotaci\u00f3n del premio a la compa\u00f1\u00eda de teatro Mujereando<\/strong> que, durante el proyecto que desarrollaron, fue su gran inspiraci\u00f3n. Con \u00e9sta y otras donaciones podr\u00e1n seguir con su gran labor de ayudar a mujeres que huyen de sus maltratadores y se ven obligadas a vivir en la calle. Historias muy duras que ocurren en muchas comunidades y que pasan desapercibidas para la mayor\u00eda de nosotros. Con esta decisi\u00f3n quieren contribuir a concienciar de una realidad invisible la mayor parte de las veces. \u00a1Felicidades, una vez m\u00e1s IES Pablo Picasso por vuestra sensibilidad y generosidad!<\/p>\n\n\n<div class=\"wp-block-image\">\n<figure class=\"alignleft size-full is-resized\"><img decoding=\"async\" src=\"https:\/\/www.mullor.com\/wp-content\/uploads\/2022\/12\/Entrega-Premio.jpg\" alt=\"\" class=\"wp-image-4179\" width=\"323\" height=\"249\" srcset=\"https:\/\/www.mullor.com\/wp-content\/uploads\/2022\/12\/Entrega-Premio.jpg 963w, https:\/\/www.mullor.com\/wp-content\/uploads\/2022\/12\/Entrega-Premio-300x231.jpg 300w, https:\/\/www.mullor.com\/wp-content\/uploads\/2022\/12\/Entrega-Premio-768x593.jpg 768w, https:\/\/www.mullor.com\/wp-content\/uploads\/2022\/12\/Entrega-Premio-16x12.jpg 16w, https:\/\/www.mullor.com\/wp-content\/uploads\/2022\/12\/Entrega-Premio-800x617.jpg 800w, https:\/\/www.mullor.com\/wp-content\/uploads\/2022\/12\/Entrega-Premio-180x138.jpg 180w\" sizes=\"(max-width: 323px) 100vw, 323px\" \/><\/figure>\n<\/div>\n\n\n<p>El XV Encuentro Estatal de Aprendizaje-Servicio fue todo un \u00e9xito gracias no solo al esfuerzo y organizaci\u00f3n del Ayuntamiento de Sevilla y de la Red Andaluza de Aprendizaje-Servicio, sino tambi\u00e9n al clima de ilusi\u00f3n, compromiso y generosidad por parte de las m\u00e1s de 500 personas que participaron en el evento. Tambi\u00e9n fue retransmitido on-line durante las m\u00e1s de 5 horas de energ\u00eda positiva y demostraci\u00f3n del valioso trabajo de todos los premiados y finalistas.<\/p>\n\n\n\n<p>Para Mullor es un honor, y una gran ilusi\u00f3n, poder colaborar con iniciativas como la que encabeza la Red Espa\u00f1ola de Aprendizaje-Servicio que, adem\u00e1s, cuenta con la colaboraci\u00f3n del Ministerio de Educaci\u00f3n y Formaci\u00f3n Profesional as\u00ed como de m\u00faltiples instituciones.<\/p>\n\n\n\n<p>Si quer\u00e9is ver el acto de entrega integro <a href=\"https:\/\/youtu.be\/V2M4peLNkog\" target=\"_blank\" rel=\"noopener\" title=\"pod\u00e9is acceder al v\u00eddeo de la gala de entrega\">pod\u00e9is acceder al v\u00eddeo de la gala de entrega<\/a>&nbsp;que se celebr\u00f3 el pasado 16 de diciembre de 2022.<\/p>\n\n\n\n<p><strong>\u00a1Nuestra admiraci\u00f3n a todos los premiados en las m\u00faltiples categor\u00edas de Aprendizaje y Servicio por su gran labor!<\/strong><\/p>\n\n\n\n<p>Si quer\u00e9is ver todos los ganadores y sus proyectos <a href=\"https:\/\/www.aprendizajeservicio.net\/premios-aps\/premios-aps-2022\/\" target=\"_blank\" rel=\"noopener\" title=\"pod\u00e9is hacerlo aqu\u00ed\">pod\u00e9is hacerlo aqu\u00ed<\/a>.<\/p>","protected":false},"excerpt":{"rendered":"<p>El pasado 16 de diciembre se entregaron los Premios Aprendizaje-Servicio 2022 en los que Mullor patrocina la categor\u00eda de Igualdad. En este post encontrar\u00e9is un resumen de la jornada.<\/p>","protected":false},"author":6,"featured_media":4173,"comment_status":"open","ping_status":"open","sticky":false,"template":"","format":"standard","meta":{"footnotes":""},"categories":[27,25],"tags":[90,89,41],"class_list":["post-4168","post","type-post","status-publish","format-standard","has-post-thumbnail","hentry","category-comunicacion","category-rse","tag-aps","tag-premios-aprendizaje-servicio","tag-responsabilidad-social"],"aioseo_notices":[],"_links":{"self":[{"href":"https:\/\/www.mullor.com\/en\/wp-json\/wp\/v2\/posts\/4168","targetHints":{"allow":["GET"]}}],"collection":[{"href":"https:\/\/www.mullor.com\/en\/wp-json\/wp\/v2\/posts"}],"about":[{"href":"https:\/\/www.mullor.com\/en\/wp-json\/wp\/v2\/types\/post"}],"author":[{"embeddable":true,"href":"https:\/\/www.mullor.com\/en\/wp-json\/wp\/v2\/users\/6"}],"replies":[{"embeddable":true,"href":"https:\/\/www.mullor.com\/en\/wp-json\/wp\/v2\/comments?post=4168"}],"version-history":[{"count":18,"href":"https:\/\/www.mullor.com\/en\/wp-json\/wp\/v2\/posts\/4168\/revisions"}],"predecessor-version":[{"id":4210,"href":"https:\/\/www.mullor.com\/en\/wp-json\/wp\/v2\/posts\/4168\/revisions\/4210"}],"wp:featuredmedia":[{"embeddable":true,"href":"https:\/\/www.mullor.com\/en\/wp-json\/wp\/v2\/media\/4173"}],"wp:attachment":[{"href":"https:\/\/www.mullor.com\/en\/wp-json\/wp\/v2\/media?parent=4168"}],"wp:term":[{"taxonomy":"category","embeddable":true,"href":"https:\/\/www.mullor.com\/en\/wp-json\/wp\/v2\/categories?post=4168"},{"taxonomy":"post_tag","embeddable":true,"href":"https:\/\/www.mullor.com\/en\/wp-json\/wp\/v2\/tags?post=4168"}],"curies":[{"name":"wp","href":"https:\/\/api.w.org\/{rel}","templated":true}]}}