{"id":4224,"date":"2023-01-25T16:51:42","date_gmt":"2023-01-25T15:51:42","guid":{"rendered":"https:\/\/www.mullor.com\/?p=4224"},"modified":"2023-01-25T16:51:44","modified_gmt":"2023-01-25T15:51:44","slug":"novedades-legislativas-para-el-sector-agroalimentario-en-2023","status":"publish","type":"post","link":"https:\/\/www.mullor.com\/en\/novedades-legislativas-para-el-sector-agroalimentario-en-2023\/","title":{"rendered":"Novedades legislativas para el sector agroalimentario en 2023"},"content":{"rendered":"<p>Para las empresas del sector agroalimentario y para aquellas que les prestan servicio, como es el caso de Mullor, los cambios legislativos, ya sean a nivel local o europeo, suelen ser de alto impacto. Por eso es important\u00edsimo que <strong>todos los profesionales que intervenimos en cualquiera de los procesos de este sector estemos siempre actualizados sobre legislaci\u00f3n<\/strong> que, siempre, afecta a la forma en la que trabajamos y a los procesos que aplicamos.<\/p>\n\n\n\n<p>Este a\u00f1o 2023, por ejemplo, empieza con una serie de iniciativas legislativas que est\u00e1n en proceso de desarrollo y sobre los que la web interempresas.net ha hecho un art\u00edculo ampliando el impacto de cada una de las siguientes cuestiones:<\/p>\n\n\n\n<ul class=\"wp-block-list\">\n<li><strong>El desperdicio alimentario<\/strong>: \u00e9sta ser\u00e1 una de las medidas que generar\u00e1 mayor impacto, ser\u00e1 la futura \u00abLey de prevenci\u00f3n de las p\u00e9rdidas y el desperdicio alimentario\u00bb, enfocada a lograr una gesti\u00f3n m\u00e1s eficiente de los recursos, promoviendo la donaci\u00f3n y fomento del consumo responsable de alimentos.<\/li>\n\n\n\n<li><strong>Los materiales en contacto con los alimentos<\/strong>: veremos una nueva modificaci\u00f3n de Reglamento 10\/2011 para incorporar los \u00faltimos dict\u00e1menes de EFSA sobre las nuevas sustancias que pueden utilizarse en contacto con alimentos (MCA), as\u00ed como el uso de sustancias ya autorizadas.<\/li>\n\n\n\n<li>La <strong>norma de calidad en las conservas vegetales<\/strong>.<\/li>\n\n\n\n<li><strong>El fomento de una alimentaci\u00f3n saludable y sostenible en centros educativos<\/strong>.<\/li>\n\n\n\n<li><strong>Los controles oficiales en el \u00e1mbito de la cadena alimentaria<\/strong>.<\/li>\n\n\n\n<li><strong>Los contaminantes en alimentos<\/strong> y sus l\u00edmites m\u00e1ximos.<\/li>\n<\/ul>\n\n\n\n<p>Adjuntamos enlace del art\u00edculo publicado sobre las <a href=\"https:\/\/www.interempresas.net\/Seguridad-Alimentaria\/Articulos\/463542-Novedades-legislativas-con-impacto-para-el-sector-agroalimentario-en-2023.html\" target=\"_blank\" rel=\"noopener\" title=\"Novedades legislativas con impacto para el sector agroalimentario en 2023\">Novedades legislativas con impacto para el sector agroalimentario en 2023<\/a>, para que pod\u00e1is leer los comentarios que hace el portal en cada caso. <\/p>\n\n\n\n<p>Recordamos, una vez m\u00e1s, la importancia de <strong>ser conocedores de las novedades legislativas para la correcta planificaci\u00f3n, ejecuci\u00f3n y eficacia del servicio<\/strong> que prestamos las empresas del sector, incluyendo los sistemas de <a href=\"https:\/\/www.mullor.com\/en\/cambios-en-la-cultura-de-seguridad-alimentaria\/\" title=\"Cambios en la cultura de seguridad alimentaria\">higiene en el sector alimentario<\/a>. Y, como dec\u00edamos al principio, estos cambios y mejoras tambi\u00e9n afecta a las empresas que les prestamos servicios. <\/p>","protected":false},"excerpt":{"rendered":"<p>Se inicia el a\u00f1o con una serie de iniciativas legislativas de alto impacto en el sector agroalimentario y que nos afecta de diversas maneras. <\/p>","protected":false},"author":6,"featured_media":2462,"comment_status":"open","ping_status":"open","sticky":false,"template":"","format":"standard","meta":{"footnotes":""},"categories":[45],"tags":[48,60,106,99],"class_list":["post-4224","post","type-post","status-publish","format-standard","has-post-thumbnail","hentry","category-seguridad-alimentaria","tag-higiene","tag-industria-alimentaria","tag-legislacion","tag-manipulacion-alimentos"],"aioseo_notices":[],"_links":{"self":[{"href":"https:\/\/www.mullor.com\/en\/wp-json\/wp\/v2\/posts\/4224","targetHints":{"allow":["GET"]}}],"collection":[{"href":"https:\/\/www.mullor.com\/en\/wp-json\/wp\/v2\/posts"}],"about":[{"href":"https:\/\/www.mullor.com\/en\/wp-json\/wp\/v2\/types\/post"}],"author":[{"embeddable":true,"href":"https:\/\/www.mullor.com\/en\/wp-json\/wp\/v2\/users\/6"}],"replies":[{"embeddable":true,"href":"https:\/\/www.mullor.com\/en\/wp-json\/wp\/v2\/comments?post=4224"}],"version-history":[{"count":2,"href":"https:\/\/www.mullor.com\/en\/wp-json\/wp\/v2\/posts\/4224\/revisions"}],"predecessor-version":[{"id":4227,"href":"https:\/\/www.mullor.com\/en\/wp-json\/wp\/v2\/posts\/4224\/revisions\/4227"}],"wp:featuredmedia":[{"embeddable":true,"href":"https:\/\/www.mullor.com\/en\/wp-json\/wp\/v2\/media\/2462"}],"wp:attachment":[{"href":"https:\/\/www.mullor.com\/en\/wp-json\/wp\/v2\/media?parent=4224"}],"wp:term":[{"taxonomy":"category","embeddable":true,"href":"https:\/\/www.mullor.com\/en\/wp-json\/wp\/v2\/categories?post=4224"},{"taxonomy":"post_tag","embeddable":true,"href":"https:\/\/www.mullor.com\/en\/wp-json\/wp\/v2\/tags?post=4224"}],"curies":[{"name":"wp","href":"https:\/\/api.w.org\/{rel}","templated":true}]}}