{"id":4242,"date":"2023-02-06T19:06:39","date_gmt":"2023-02-06T18:06:39","guid":{"rendered":"https:\/\/www.mullor.com\/?p=4242"},"modified":"2023-02-06T19:08:01","modified_gmt":"2023-02-06T18:08:01","slug":"tardes-fidembbva-empresas-con-proposito","status":"publish","type":"post","link":"https:\/\/www.mullor.com\/en\/tardes-fidembbva-empresas-con-proposito\/","title":{"rendered":"Tardes FIDEMBBVA: empresas con prop\u00f3sito"},"content":{"rendered":"<p>El pasado jueves 2 de febrero <a href=\"https:\/\/www.fidem.info\/es\/\" target=\"_blank\" rel=\"noopener\" title=\"FIDEM\">FIDEM<\/a>, Fundaci\u00f3n Internacional de la Mujer Emprendedora cuyo objetivo es apoyar y financiar mujeres emprendedoras, celebr\u00f3 las #TardesFIDEMBBVA d\u00f3nde <a href=\"https:\/\/www.linkedin.com\/in\/josepmariacanyelles\/\" target=\"_blank\" rel=\"noopener\" title=\"Josep Maria Canyelles i Past\u00f3\">Josep Maria Canyelles i Past\u00f3<\/a> , coordinador de <a href=\"https:\/\/www.respon.cat\/\" target=\"_blank\" rel=\"noopener\" title=\"Respon.cat\">Respon.cat<\/a>, <a href=\"https:\/\/www.linkedin.com\/in\/annafornt\/\" target=\"_blank\" rel=\"noopener\" title=\"Anna Fornt\">Anna Fornt<\/a>, fundadora y directora general de <a href=\"https:\/\/www.linkedin.com\/company\/grupefebe\/\" target=\"_blank\" rel=\"noopener\" title=\"Grup Efeb\u00e9\">Grup Efeb\u00e9<\/a> y Merc\u00e8 Mullor Boix, consejera delegada del grupo Mullor, debatieron y compartieron puntos de vista y experiencias sobre \u00ab<strong>Innovaci\u00f3n y sostenibilidad: Empresas con prop\u00f3sito<\/strong>\u00bb en una mesa redonda conducida por Andrea Accuosto, socia de FIDEM.<\/p>\n\n\n\n<p>Durante una hora y cuarto se debati\u00f3 de c\u00f3mo las empresas deben rendir cuentas no solo a los accionistas, sino tambi\u00e9n a la sociedad en general. As\u00ed se introdujo <strong>el concepto \u00abempresa con prop\u00f3sito\u00bb<\/strong>, que es la que mira a largo plazo, tiene unos objetivos claros y se configura como motor de cambio y gestiona la cohesi\u00f3n y la complejidad. La coherencia en la empresa acaba convirti\u00e9ndose en un pilar fundamental de este tipo de empresas. <\/p>\n\n\n\n<p>Acompa\u00f1ando a las reflexiones sobre todo ello, Josep Maria Canyelles nos ofreci\u00f3 ejemplos concretos que ayudan a medir el progreso en la responsabilidad empresarial.<\/p>\n\n\n<div class=\"wp-block-image\">\n<figure class=\"aligncenter size-full\"><img fetchpriority=\"high\" decoding=\"async\" width=\"600\" height=\"400\" src=\"https:\/\/www.mullor.com\/wp-content\/uploads\/2023\/02\/tardesfidembbva-ponentes.png\" alt=\"\" class=\"wp-image-4245\" srcset=\"https:\/\/www.mullor.com\/wp-content\/uploads\/2023\/02\/tardesfidembbva-ponentes.png 600w, https:\/\/www.mullor.com\/wp-content\/uploads\/2023\/02\/tardesfidembbva-ponentes-300x200.png 300w, https:\/\/www.mullor.com\/wp-content\/uploads\/2023\/02\/tardesfidembbva-ponentes-18x12.png 18w\" sizes=\"(max-width: 600px) 100vw, 600px\" \/><\/figure>\n<\/div>\n\n\n<div style=\"height:53px\" aria-hidden=\"true\" class=\"wp-block-spacer\"><\/div>\n\n\n\n<p><strong>Agradecemos a #TardesFIDEMBBVA por haber contado con Mullor para esta jornada<\/strong>. Fue una ocasi\u00f3n m\u00e1s de transmitir p\u00fablicamente el compromiso que el grupo tiene con estos <a href=\"https:\/\/www.mullor.com\/en\/sobre-mullor\/mision-vision-y-valores\/\" title=\"Mission, Vision and Values\">valores<\/a> y querer mejorar continuamente en una gesti\u00f3n empresarial que contribuya tambi\u00e9n a la sociedad.<\/p>\n\n\n\n<p>Si os interesa ver y escuchar la mesa redonda entera y todo el conocimiento que all\u00ed se regal\u00f3, os animamos a ver la mesa redonda en el <a href=\"https:\/\/youtu.be\/TrNtgeyXZaU\" target=\"_blank\" rel=\"noopener\" title=\"canal Youtube de FIDEM\">canal Youtube de FIDEM<\/a>.<\/p>","protected":false},"excerpt":{"rendered":"<p>El pasado jueves 2 de febrero Merc\u00e8 Mullor, nuestra consejera delegada, particip\u00f3 en la mesa redonda organizada por FIDEM para debatir sobre empresas con prop\u00f3sito.<\/p>","protected":false},"author":6,"featured_media":4243,"comment_status":"open","ping_status":"open","sticky":false,"template":"","format":"standard","meta":{"footnotes":""},"categories":[27],"tags":[108,101],"class_list":["post-4242","post","type-post","status-publish","format-standard","has-post-thumbnail","hentry","category-comunicacion","tag-fidem","tag-valores"],"aioseo_notices":[],"_links":{"self":[{"href":"https:\/\/www.mullor.com\/en\/wp-json\/wp\/v2\/posts\/4242","targetHints":{"allow":["GET"]}}],"collection":[{"href":"https:\/\/www.mullor.com\/en\/wp-json\/wp\/v2\/posts"}],"about":[{"href":"https:\/\/www.mullor.com\/en\/wp-json\/wp\/v2\/types\/post"}],"author":[{"embeddable":true,"href":"https:\/\/www.mullor.com\/en\/wp-json\/wp\/v2\/users\/6"}],"replies":[{"embeddable":true,"href":"https:\/\/www.mullor.com\/en\/wp-json\/wp\/v2\/comments?post=4242"}],"version-history":[{"count":5,"href":"https:\/\/www.mullor.com\/en\/wp-json\/wp\/v2\/posts\/4242\/revisions"}],"predecessor-version":[{"id":4251,"href":"https:\/\/www.mullor.com\/en\/wp-json\/wp\/v2\/posts\/4242\/revisions\/4251"}],"wp:featuredmedia":[{"embeddable":true,"href":"https:\/\/www.mullor.com\/en\/wp-json\/wp\/v2\/media\/4243"}],"wp:attachment":[{"href":"https:\/\/www.mullor.com\/en\/wp-json\/wp\/v2\/media?parent=4242"}],"wp:term":[{"taxonomy":"category","embeddable":true,"href":"https:\/\/www.mullor.com\/en\/wp-json\/wp\/v2\/categories?post=4242"},{"taxonomy":"post_tag","embeddable":true,"href":"https:\/\/www.mullor.com\/en\/wp-json\/wp\/v2\/tags?post=4242"}],"curies":[{"name":"wp","href":"https:\/\/api.w.org\/{rel}","templated":true}]}}