{"id":4461,"date":"2023-05-18T19:17:55","date_gmt":"2023-05-18T17:17:55","guid":{"rendered":"https:\/\/www.mullor.com\/?p=4461"},"modified":"2024-07-19T11:51:38","modified_gmt":"2024-07-19T09:51:38","slug":"mullor-y-la-fundacio-barca","status":"publish","type":"post","link":"https:\/\/www.mullor.com\/en\/mullor-y-la-fundacio-barca\/","title":{"rendered":"Mullor y la Fundaci\u00f3 Bar\u00e7a"},"content":{"rendered":"<p>En Mullor tenemos el honor de colaborar con la <a href=\"https:\/\/fundacion.fcbarcelona.es\/inicio\" target=\"_blank\" rel=\"noopener\" title=\"\">Fundaci\u00f3 Bar\u00e7a<\/a> desde hace unos meses en su proyecto Joves Futur+ que tiene como objetivo <strong>apoyar a las personas j\u00f3venes que, al cumplir 18 a\u00f1os, pierden la protecci\u00f3n de la administraci\u00f3n p\u00fablica y se encuentran en una situaci\u00f3n de m\u00e1xima vulnerabilidad<\/strong>.<\/p>\n\n\n\n<p>Hoy podemos compartir que por la colaboraci\u00f3n y los resultados conseguidos en el proyecto Joves Futur+ hemos recibido un reconocimiento por parte la Fundaci\u00f3n en un acto en el que han participado Joan Laporta, Presidente del FCBarcelona, la Dra. Marta Seg\u00fa, Directora General de la Fundaci\u00f3 Bar\u00e7a y Xavier Bertol\u00edn, director corporativo de Educaci\u00f3n y Marketing de Fundaci\u00f3n \u00abLa Caixa\u00bb.<\/p>\n\n\n<div class=\"wp-block-image\">\n<figure class=\"aligncenter size-full\"><img fetchpriority=\"high\" decoding=\"async\" width=\"900\" height=\"600\" src=\"https:\/\/www.mullor.com\/wp-content\/uploads\/2023\/05\/fundacio-barca-y-mullor.jpeg\" alt=\"Entrega del reconocimiento de la Fundaci\u00f3 Bar\u00e7a a Merc\u00e8 Mullor, Consejera Delegada de Mullor\" class=\"wp-image-4462\" srcset=\"https:\/\/www.mullor.com\/wp-content\/uploads\/2023\/05\/fundacio-barca-y-mullor.jpeg 900w, https:\/\/www.mullor.com\/wp-content\/uploads\/2023\/05\/fundacio-barca-y-mullor-300x200.jpeg 300w, https:\/\/www.mullor.com\/wp-content\/uploads\/2023\/05\/fundacio-barca-y-mullor-768x512.jpeg 768w, https:\/\/www.mullor.com\/wp-content\/uploads\/2023\/05\/fundacio-barca-y-mullor-18x12.jpeg 18w, https:\/\/www.mullor.com\/wp-content\/uploads\/2023\/05\/fundacio-barca-y-mullor-800x533.jpeg 800w\" sizes=\"(max-width: 900px) 100vw, 900px\" \/><\/figure>\n<\/div>\n\n\n<p class=\"has-text-align-center has-small-font-size\">Momento de la entrega del reconocimiento a nuestra Consejera Delegada Merc\u00e8 Mullor<\/p>\n\n\n\n<p>En este proyecto, La Fundaci\u00f3n Mullor y las empresas del Grupo Mullor han colaborado en <strong>FORMAR a 10 j\u00f3venes en limpieza, comunicaci\u00f3n y n\u00f3minas<\/strong>.<\/p>\n\n\n\n<p>Posteriormente, <strong>se han incorporado en PRACTICAS 4 de los 10 alumnos formados<\/strong> en empresas del Grupo Mullor, tanto en limpieza general como en mantenimiento.<\/p>\n\n\n\n<p>Finalmente, de estas 4 personas incorporadas en pr\u00e1cticas, <strong>hemos CONTRATADO en distintas empresas del grupo a 2 de ellas<\/strong>.<\/p>\n\n\n\n<p>Gracias a todas y cada una de las personas que han ayudado a hacer posible este proyecto, ya sea en el \u00e1rea de formaci\u00f3n, como en las pr\u00e1cticas o la contrataci\u00f3n. <strong>Sin un gran trabajo en equipo este proyecto y estos resultados no hubieran sido posible<\/strong>.<\/p>\n\n\n\n<p>En total y gracias a este proyecto del FCB han sido contratadas un total de 63 personas en m\u00e1s de 30 empresas de diferentes sectores. Pod\u00e9is leer el art\u00edculo que la Fundaci\u00f3 Bar\u00e7a publicaba al respecto en su web.<\/p>\n\n\n\n<p><strong>\u00a1Un \u00e9xito de proyecto en el que esperamos seguir participando en futuras ediciones!<\/strong><\/p>","protected":false},"excerpt":{"rendered":"<p>Hemos recibido el reconocimiento de la Fundaci\u00f3 Bar\u00e7a por nuestra colaboraci\u00f3n, y resultados, en el proyecto Joves Futur+ para la inserci\u00f3n laboral de los j\u00f3venes.<\/p>","protected":false},"author":6,"featured_media":4471,"comment_status":"open","ping_status":"open","sticky":false,"template":"","format":"standard","meta":{"footnotes":""},"categories":[27,25],"tags":[115,114,116],"class_list":["post-4461","post","type-post","status-publish","format-standard","has-post-thumbnail","hentry","category-comunicacion","category-rse","tag-fundacio-barca","tag-insercion-laboral","tag-jovenes"],"aioseo_notices":[],"_links":{"self":[{"href":"https:\/\/www.mullor.com\/en\/wp-json\/wp\/v2\/posts\/4461","targetHints":{"allow":["GET"]}}],"collection":[{"href":"https:\/\/www.mullor.com\/en\/wp-json\/wp\/v2\/posts"}],"about":[{"href":"https:\/\/www.mullor.com\/en\/wp-json\/wp\/v2\/types\/post"}],"author":[{"embeddable":true,"href":"https:\/\/www.mullor.com\/en\/wp-json\/wp\/v2\/users\/6"}],"replies":[{"embeddable":true,"href":"https:\/\/www.mullor.com\/en\/wp-json\/wp\/v2\/comments?post=4461"}],"version-history":[{"count":5,"href":"https:\/\/www.mullor.com\/en\/wp-json\/wp\/v2\/posts\/4461\/revisions"}],"predecessor-version":[{"id":4848,"href":"https:\/\/www.mullor.com\/en\/wp-json\/wp\/v2\/posts\/4461\/revisions\/4848"}],"wp:featuredmedia":[{"embeddable":true,"href":"https:\/\/www.mullor.com\/en\/wp-json\/wp\/v2\/media\/4471"}],"wp:attachment":[{"href":"https:\/\/www.mullor.com\/en\/wp-json\/wp\/v2\/media?parent=4461"}],"wp:term":[{"taxonomy":"category","embeddable":true,"href":"https:\/\/www.mullor.com\/en\/wp-json\/wp\/v2\/categories?post=4461"},{"taxonomy":"post_tag","embeddable":true,"href":"https:\/\/www.mullor.com\/en\/wp-json\/wp\/v2\/tags?post=4461"}],"curies":[{"name":"wp","href":"https:\/\/api.w.org\/{rel}","templated":true}]}}