{"id":4539,"date":"2023-07-04T19:07:16","date_gmt":"2023-07-04T17:07:16","guid":{"rendered":"https:\/\/www.mullor.com\/?p=4539"},"modified":"2023-07-05T08:26:20","modified_gmt":"2023-07-05T06:26:20","slug":"mullor-se-adhiere-al-manifiesto-por-una-economia-con-proposito","status":"publish","type":"post","link":"https:\/\/www.mullor.com\/en\/mullor-se-adhiere-al-manifiesto-por-una-economia-con-proposito\/","title":{"rendered":"Mullor se adhiere al \u201cManifiesto por una Econom\u00eda con Prop\u00f3sito\u201d\u00a0"},"content":{"rendered":"<p>El pasado martes 27 de Junio se convoc\u00f3 en Barcelona a 200 empresas, desde multinacionales a pymes, y a los representantes de las principales organizaciones patronales de Catalunya para firmar el \u00ab<a href=\"https:\/\/empresesambproposit.cat\/es\/\" target=\"_blank\" rel=\"noopener\" title=\"Manifiesto por una Econom\u00eda con Prop\u00f3sito\">Manifiesto por una Econom\u00eda con Prop\u00f3sito<\/a>\u00bb que emplaza a reconocer que existen muchas empresas comprometidas de manera creciente en la responsabilidad de las mismas tanto a nivel econ\u00f3mico como ambiental y social. En el mismo acto se emplaza, igualmente, al resto de empresas que comparten esta responsabilidad a adherirse a este manifiesto que ha sido impulsado por <em>respon.cat<\/em> y las organizaciones empresariales. <\/p>\n\n\n\n<p><a href=\"https:\/\/www.elperiodico.com\/es\/economia\/20230627\/200-empresas-catalanas-comprometen-buscar-89199099\" target=\"_blank\" rel=\"noopener\" title=\"Al acto asistieron m\u00e1s de 250 personas\">Al acto, celebrado en la Casa Llotja de Mar, asistieron m\u00e1s de 250 personas<\/a> entre los representantes de las empresas y los de 30 organizaciones empresariales, todos ellos firmantes del manifiesto. En \u00e9l se puso de manifiesto, en las sucesivas intervenciones y presentaciones, <strong>la voluntad de todas las empresas y organizaciones firmantes de redefinir p\u00fablicamente el rol de las empresas como generadoras de valor compartido para la sociedad<\/strong>.<\/p>\n\n\n<div class=\"wp-block-image\">\n<figure class=\"alignleft size-full is-resized\"><img fetchpriority=\"high\" decoding=\"async\" src=\"https:\/\/www.mullor.com\/wp-content\/uploads\/2023\/07\/empresas-con-proposito.png\" alt=\"empresas y econom\u00eda con prop\u00f3sito\" class=\"wp-image-4542\" width=\"495\" height=\"371\" srcset=\"https:\/\/www.mullor.com\/wp-content\/uploads\/2023\/07\/empresas-con-proposito.png 600w, https:\/\/www.mullor.com\/wp-content\/uploads\/2023\/07\/empresas-con-proposito-300x225.png 300w, https:\/\/www.mullor.com\/wp-content\/uploads\/2023\/07\/empresas-con-proposito-16x12.png 16w, https:\/\/www.mullor.com\/wp-content\/uploads\/2023\/07\/empresas-con-proposito-400x300.png 400w\" sizes=\"(max-width: 495px) 100vw, 495px\" \/><\/figure>\n<\/div>\n\n\n<p>El manifiesto emplaza al conjunto de las empresas para que se involucren y se redefinan no s\u00f3lo como organizaciones que deben generar un valor econ\u00f3mico, sino tambi\u00e9n, y simult\u00e1neamente, creadoras un valor social para la comunidad en la que operan.<\/p>\n\n\n\n<p>La consejera delegada de Mullor, Merc\u00e8 Mullor, que ha sido durante los \u00faltimos 3 a\u00f1os presidenta de Respon.cat, estuvo tambi\u00e9n presente en el acto para dar apoyo desde nuestra empresa a esta iniciativa y al compromiso p\u00fablico que enlaza de pleno con la <a href=\"https:\/\/www.mullor.com\/en\/sobre-mullor\/mision-vision-y-valores\/\" target=\"_blank\" rel=\"noopener\" title=\"Mission, Vision and Values\">misi\u00f3n y valores de Mullor<\/a>.<\/p>\n\n\n\n<p>Esta iniciativa tiene el objetivo principal <strong>interpelar a otras empresas (desde las empresas firmantes), para reconocerse y comprometerse a ser actores que contribuyen a mejorar el mundo creando valor social tambi\u00e9n desde las empresas<\/strong>.<\/p>","protected":false},"excerpt":{"rendered":"<p>Mullor se adhiere al \u00abManifiesto por una econom\u00eda con prop\u00f3sito\u00bb que emplaza a empresas y organizaciones empresariales a mejorar el mundo creando valor social tambi\u00e9n desde las empresas. Lee la nota d\u00f3nde os explicamos qu\u00e9 es el manifiesto. <\/p>","protected":false},"author":6,"featured_media":4541,"comment_status":"open","ping_status":"open","sticky":false,"template":"","format":"standard","meta":{"footnotes":""},"categories":[27,25],"tags":[120,41],"class_list":["post-4539","post","type-post","status-publish","format-standard","has-post-thumbnail","hentry","category-comunicacion","category-rse","tag-mision","tag-responsabilidad-social"],"aioseo_notices":[],"_links":{"self":[{"href":"https:\/\/www.mullor.com\/en\/wp-json\/wp\/v2\/posts\/4539","targetHints":{"allow":["GET"]}}],"collection":[{"href":"https:\/\/www.mullor.com\/en\/wp-json\/wp\/v2\/posts"}],"about":[{"href":"https:\/\/www.mullor.com\/en\/wp-json\/wp\/v2\/types\/post"}],"author":[{"embeddable":true,"href":"https:\/\/www.mullor.com\/en\/wp-json\/wp\/v2\/users\/6"}],"replies":[{"embeddable":true,"href":"https:\/\/www.mullor.com\/en\/wp-json\/wp\/v2\/comments?post=4539"}],"version-history":[{"count":9,"href":"https:\/\/www.mullor.com\/en\/wp-json\/wp\/v2\/posts\/4539\/revisions"}],"predecessor-version":[{"id":4553,"href":"https:\/\/www.mullor.com\/en\/wp-json\/wp\/v2\/posts\/4539\/revisions\/4553"}],"wp:featuredmedia":[{"embeddable":true,"href":"https:\/\/www.mullor.com\/en\/wp-json\/wp\/v2\/media\/4541"}],"wp:attachment":[{"href":"https:\/\/www.mullor.com\/en\/wp-json\/wp\/v2\/media?parent=4539"}],"wp:term":[{"taxonomy":"category","embeddable":true,"href":"https:\/\/www.mullor.com\/en\/wp-json\/wp\/v2\/categories?post=4539"},{"taxonomy":"post_tag","embeddable":true,"href":"https:\/\/www.mullor.com\/en\/wp-json\/wp\/v2\/tags?post=4539"}],"curies":[{"name":"wp","href":"https:\/\/api.w.org\/{rel}","templated":true}]}}