{"id":4604,"date":"2023-10-21T21:15:35","date_gmt":"2023-10-21T19:15:35","guid":{"rendered":"https:\/\/www.mullor.com\/?p=4604"},"modified":"2023-10-21T21:15:36","modified_gmt":"2023-10-21T19:15:36","slug":"fundacion-mullor-y-escuela-paideia","status":"publish","type":"post","link":"https:\/\/www.mullor.com\/en\/fundacion-mullor-y-escuela-paideia\/","title":{"rendered":"Fundaci\u00f3n Mullor y Escuela Paideia"},"content":{"rendered":"<p>La Escuela Paideia es una escuela de Barcelona, propiedad de la asociaci\u00f3n de padres de alumnos de la misma, cuyos hijos o hijas presentan\u00a0<strong>retrasos significativos en la adquisici\u00f3n de aprendizajes escolares as\u00ed como en su desarrollo personal-social.<\/strong><\/p>\n\n\n\n<p>Es precisamente el tipo de escuelas y de personas que a trav\u00e9s de la <a href=\"https:\/\/fundaciomullor.org\/es\/\" target=\"_blank\" rel=\"noopener\" title=\"\">Fundaci\u00f3n Mullor<\/a> priorizamos ayudar. \u00bfC\u00f3mo? Intentando que sus alumnos puedan tener la oportunidad de tener pr\u00e1cticas en una empresa en un entorno receptivo a sus necesidades, e incluso si puede ser contratarlos para puestos de trabajo en nuestros clientes.<\/p>\n\n\n\n<p>Queremos compartir el caso de \u00e9xito que la&nbsp;<strong>Escuela Paideia ha publicado para dar visibilidad y animar a otras personas y empresas, a que es posible el acceso al mercado laboral por parte del alumnado de Ciclos adaptados (PFI), a trav\u00e9s de un programa de pr\u00e1cticas acompa\u00f1adas.<\/strong><\/p>\n\n\n\n<p>Aqu\u00ed os dejamos enlace al\u00a0<a href=\"https:\/\/www.instagram.com\/reel\/CyLja4qB3Bd\/?igshid=MTc4MmM1YmI2Ng%3D%3D\" target=\"_blank\" rel=\"noopener\" title=\"\">video<\/a>.\u00a0Es un video que ayuda a visualizar resultados tangibles del trabajo que entre todos realizamos. Si est\u00e1is en Instagram y le dais un\u00a0<strong>like<\/strong>\u00a0a su video tambi\u00e9n los estar\u00e9is ayudando en su objetivo de difusi\u00f3n de la escuela y a conseguir que m\u00e1s empresas los ayuden en la inserci\u00f3n laboral.<\/p>\n\n\n\n<p>Si conoc\u00e9is m\u00e1s escuelas, entidades, asociaciones o casos en los que podamos colaborar en proyectos similares hac\u00e9dnoslo saber a&nbsp;<a href=\"mailto:colabora@fundacionmullor.org\">colabora@fundacionmullor.org<\/a><\/p>\n\n\n\n<p><strong>Dos de las personas que aparecen en \u00e9l, Fran y Eric, est\u00e1n actualmente integrados en nuestro equipo humano de operaciones de Mullor<\/strong>. Est\u00e1n trabajando en<strong>\u00a0<\/strong>dos hoteles distintos de la ciudad de Barcelona: el\u00a0<em>hotel Espa\u00f1a y en el hotel Condes de Barcelona.<\/em><\/p>\n\n\n\n<p>Para conseguirlo hemos trabajado en equipo para asegurar su formaci\u00f3n y la adecuaci\u00f3n de\/a los puestos de trabajo. Conseguirlo ha sido y ser\u00e1 una experiencia enriquecedora para sus compa\u00f1eras y compa\u00f1eros.<\/p>\n\n\n\n<p>En ambos casos&nbsp;<strong>Bego\u00f1a Corrales<\/strong>&nbsp;es la gestora de estos clientes y los servicios que prestamos en estos hoteles.<\/p>\n\n\n\n<p>\u00a1Felicidades y gracias!<\/p>","protected":false},"excerpt":{"rendered":"<p>Os compartimos la historia de la Escuela Paideia en la que el Grupo Mullor, a trav\u00e9s de su fundaci\u00f3n, colabora en la inserci\u00f3n laboral de sus alumnos.  <\/p>","protected":false},"author":6,"featured_media":4608,"comment_status":"open","ping_status":"open","sticky":false,"template":"","format":"standard","meta":{"footnotes":""},"categories":[25],"tags":[124,29],"class_list":["post-4604","post","type-post","status-publish","format-standard","has-post-thumbnail","hentry","category-rse","tag-escuela-paideia","tag-rse"],"aioseo_notices":[],"_links":{"self":[{"href":"https:\/\/www.mullor.com\/en\/wp-json\/wp\/v2\/posts\/4604","targetHints":{"allow":["GET"]}}],"collection":[{"href":"https:\/\/www.mullor.com\/en\/wp-json\/wp\/v2\/posts"}],"about":[{"href":"https:\/\/www.mullor.com\/en\/wp-json\/wp\/v2\/types\/post"}],"author":[{"embeddable":true,"href":"https:\/\/www.mullor.com\/en\/wp-json\/wp\/v2\/users\/6"}],"replies":[{"embeddable":true,"href":"https:\/\/www.mullor.com\/en\/wp-json\/wp\/v2\/comments?post=4604"}],"version-history":[{"count":1,"href":"https:\/\/www.mullor.com\/en\/wp-json\/wp\/v2\/posts\/4604\/revisions"}],"predecessor-version":[{"id":4606,"href":"https:\/\/www.mullor.com\/en\/wp-json\/wp\/v2\/posts\/4604\/revisions\/4606"}],"wp:featuredmedia":[{"embeddable":true,"href":"https:\/\/www.mullor.com\/en\/wp-json\/wp\/v2\/media\/4608"}],"wp:attachment":[{"href":"https:\/\/www.mullor.com\/en\/wp-json\/wp\/v2\/media?parent=4604"}],"wp:term":[{"taxonomy":"category","embeddable":true,"href":"https:\/\/www.mullor.com\/en\/wp-json\/wp\/v2\/categories?post=4604"},{"taxonomy":"post_tag","embeddable":true,"href":"https:\/\/www.mullor.com\/en\/wp-json\/wp\/v2\/tags?post=4604"}],"curies":[{"name":"wp","href":"https:\/\/api.w.org\/{rel}","templated":true}]}}