{"id":4626,"date":"2023-12-06T18:39:41","date_gmt":"2023-12-06T17:39:41","guid":{"rendered":"https:\/\/www.mullor.com\/?p=4626"},"modified":"2023-12-06T18:39:42","modified_gmt":"2023-12-06T17:39:42","slug":"entrega-de-los-premios-fidem-2023","status":"publish","type":"post","link":"https:\/\/www.mullor.com\/en\/entrega-de-los-premios-fidem-2023\/","title":{"rendered":"Entrega de los Premios Fidem 2023"},"content":{"rendered":"<p>El pasado 29 de noviembre se celebr\u00f3 el acto de entrega de los <a href=\"https:\/\/www.fidem.info\/es\/\" target=\"_blank\" rel=\"noopener\" title=\"Premios Fidem 2023\">Premios Fidem 2023<\/a> en los que Mullor colabora como patrocinador.<\/p>\n\n\n\n<p>Este a\u00f1o, una vez m\u00e1s, hemos tenido el honor de ser unos de los patrocinadores de estos premios. <strong>Hemos apoyado a esta fundaci\u00f3n desde sus inicios porque trabajamos para hacer visible el talento y el liderazgo femenino en nuestra sociedad<\/strong>, incluyendo el tejido empresarial.<\/p>\n\n\n\n<p>Este a\u00f1o se han cumplido 20 a\u00f1os desde que la Sra. Teresa Boix, madre de Mecedes Mullor, recibi\u00f3 en 2003 este premio en la modalidad de Empresa Familiar por su liderazgo en Mullor entre los a\u00f1os 1984 y 1998, a\u00f1o en el que se produjo el relevo generacional en Merc\u00e8, nuestra actual Consejera Delegada.<\/p>\n\n\n\n<p>Pod\u00e9is encontrar a todas las referentes femeninas premiadas en los 26 a\u00f1os de trayectoria de <a href=\"https:\/\/referentsfemenins.cat\/\" target=\"_blank\" rel=\"noopener\" title=\"FIDEM en este enlace\">FIDEM en este enlace<\/a>.<\/p>\n\n\n\n<p><strong>Desde Mullor nos sumamos en la felicitaci\u00f3n a las siete ganadoras de los premios Fidem de este a\u00f1o 2023. Siete mujeres emprendedoras que, con su trabajo, crean valor para la sociedad y son un ejemplo de liderazgo.<\/strong><\/p>\n\n\n<div class=\"wp-block-image\">\n<figure class=\"aligncenter size-full\"><img fetchpriority=\"high\" decoding=\"async\" width=\"637\" height=\"497\" src=\"https:\/\/www.mullor.com\/wp-content\/uploads\/2023\/12\/premios-fidem-2023.png\" alt=\"\" class=\"wp-image-4627\" srcset=\"https:\/\/www.mullor.com\/wp-content\/uploads\/2023\/12\/premios-fidem-2023.png 637w, https:\/\/www.mullor.com\/wp-content\/uploads\/2023\/12\/premios-fidem-2023-300x234.png 300w, https:\/\/www.mullor.com\/wp-content\/uploads\/2023\/12\/premios-fidem-2023-15x12.png 15w\" sizes=\"(max-width: 637px) 100vw, 637px\" \/><\/figure>\n<\/div>\n\n\n<p>Las personas que han ganado el premio este a\u00f1o son: <\/p>\n\n\n\n<ul class=\"wp-block-list\">\n<li>Premio 2023 <strong>CORRESPONSABILIDAD<\/strong> &#8211; Anna Sorli Gorriz, Presidenta de Fundaci\u00f3n Sorli<\/li>\n\n\n\n<li>Premio 2023 <strong>EMPRENDEDURIA SOCIAL<\/strong> &#8211; Cristina Caba\u00f1as Rodr\u00edguez, Presidenta de Fundaci\u00f3n Climent Guitart y Guitart Hotels<\/li>\n\n\n\n<li>Premio 2023 <strong>INNOVACI\u00d3N<\/strong> &#8211; Judit Gir\u00f3 Benet, Cofundadora y CEO de The Blue Box<\/li>\n\n\n\n<li>Premio 2023 <strong>TECNOLOG\u00cdA<\/strong> &#8211; Anna Navarro Schlegel, Vicepresidenta Global de Procore Technologies<\/li>\n\n\n\n<li>Premio 2023 <strong>INTERNACIONALIZACI\u00d3N<\/strong> &#8211; Paola Sasplugas Mateu, Cofundadora y directora creativa de PdPaola<\/li>\n\n\n\n<li>Premio 2023 <strong>EMPRENDEDURIA<\/strong> &#8211; Anna Quintero, Cofundadora de Ommnio<\/li>\n\n\n\n<li>Premio 2023 <strong>TRAYECTORIA PROFESIONAL<\/strong> &#8211; Montserrat Armengou Mart\u00edn, periodista, creadora y directora del programa Sense Ficci\u00f3 de TV3<\/li>\n\n\n\n<li>Premio 2023 <strong>EMPRESA FAMILIAR<\/strong> &#8211; Isabel Mart\u00ednez-Cosentino Ramos, Consejo de administraci\u00f3n y City Manager de CosentinoCity<\/li>\n<\/ul>\n\n\n\n<p>Os animamos a buscarlas en redes sociales y conocer su trayectoria. Estamos seguros de que no os dejar\u00e1 indiferentes.<\/p>\n\n\n\n<p>\u00a1Felicidades a todas las premiadas!<\/p>\n\n\n\n<p><strong>Tambi\u00e9n queremos agradecer a todas las personas que trabajandon en Mullor, y con su contribuci\u00f3n en el d\u00eda a d\u00eda, hacen posible que podamos colaborar con iniciativas como esta.<\/strong><\/p>","protected":false},"excerpt":{"rendered":"<p>Todas las ganadoras en los Premios FIDEM 2023 que reconocen el talento y el liderazgo femenino en nuestra sociedad y que se entregaron el pasado 29 de noviembre<\/p>","protected":false},"author":6,"featured_media":4630,"comment_status":"open","ping_status":"open","sticky":false,"template":"","format":"standard","meta":{"footnotes":""},"categories":[27],"tags":[108,85,29],"class_list":["post-4626","post","type-post","status-publish","format-standard","has-post-thumbnail","hentry","category-comunicacion","tag-fidem","tag-premios-fidem","tag-rse"],"aioseo_notices":[],"_links":{"self":[{"href":"https:\/\/www.mullor.com\/en\/wp-json\/wp\/v2\/posts\/4626","targetHints":{"allow":["GET"]}}],"collection":[{"href":"https:\/\/www.mullor.com\/en\/wp-json\/wp\/v2\/posts"}],"about":[{"href":"https:\/\/www.mullor.com\/en\/wp-json\/wp\/v2\/types\/post"}],"author":[{"embeddable":true,"href":"https:\/\/www.mullor.com\/en\/wp-json\/wp\/v2\/users\/6"}],"replies":[{"embeddable":true,"href":"https:\/\/www.mullor.com\/en\/wp-json\/wp\/v2\/comments?post=4626"}],"version-history":[{"count":2,"href":"https:\/\/www.mullor.com\/en\/wp-json\/wp\/v2\/posts\/4626\/revisions"}],"predecessor-version":[{"id":4632,"href":"https:\/\/www.mullor.com\/en\/wp-json\/wp\/v2\/posts\/4626\/revisions\/4632"}],"wp:featuredmedia":[{"embeddable":true,"href":"https:\/\/www.mullor.com\/en\/wp-json\/wp\/v2\/media\/4630"}],"wp:attachment":[{"href":"https:\/\/www.mullor.com\/en\/wp-json\/wp\/v2\/media?parent=4626"}],"wp:term":[{"taxonomy":"category","embeddable":true,"href":"https:\/\/www.mullor.com\/en\/wp-json\/wp\/v2\/categories?post=4626"},{"taxonomy":"post_tag","embeddable":true,"href":"https:\/\/www.mullor.com\/en\/wp-json\/wp\/v2\/tags?post=4626"}],"curies":[{"name":"wp","href":"https:\/\/api.w.org\/{rel}","templated":true}]}}