{"id":4666,"date":"2024-02-19T10:56:11","date_gmt":"2024-02-19T09:56:11","guid":{"rendered":"https:\/\/www.mullor.com\/?p=4666"},"modified":"2024-02-19T10:56:13","modified_gmt":"2024-02-19T09:56:13","slug":"10-anos-de-apoyo-y-trabajo-de-mullor-en-respon-cat","status":"publish","type":"post","link":"https:\/\/www.mullor.com\/en\/10-anos-de-apoyo-y-trabajo-de-mullor-en-respon-cat\/","title":{"rendered":"10 a\u00f1os de apoyo y trabajo de Mullor en Respon.cat"},"content":{"rendered":"<p>El pasado\u00a0d\u00eda\u00a024\u00a0de Enero\u00a0se celebr\u00f3\u00a0los diez a\u00f1os de constituci\u00f3n de <a href=\"https:\/\/respon.cat\/\" target=\"_blank\" rel=\"noopener\" title=\"Respon.cat\">Respon.cat<\/a>.\u00a0En estos 10 a\u00f1os se ha convertido en el\u00a0organismo empresarial de referencia en RSE en Catalunya y dispone de un Consejo Social con las principales organizaciones empresariales.<\/p>\n\n\n\n<p>Respon.cat funciona con grupos de trabajo, espacios de aprendizaje y de cocreaci\u00f3n para las empresas miembros y organiza anualmente los Premios Respon.cat y el programa de acompa\u00f1amiento RSE.Pime.<\/p>\n\n\n\n<p>Un n\u00famero creciente de\u00a0empresas valoran la Responsabilidad Social como una realidad del presente y que debe crecer en el futuro.\u00a0Actualmente m\u00e1s de 100 empresas\u00a0forman parte de Respon.cat y est\u00e1n\u00a0impulsando\u00a0su RSE con el objetivo de contribuir a un impacto positivo en la sociedad.<\/p>\n\n\n\n<p>Desde sus inicios\u00a0<strong>Mullor<\/strong>\u00a0ha estado vinculada a Respon.cat y,\u00a0de hecho,\u00a0<strong>Merc\u00e8 Mullor<\/strong>, CEO de Mullor,\u00a0ha sido durante\u00a0los \u00faltimos 4 a\u00f1os\u00a0la presidenta\u00a0de este organismo. Desde su cargo en la organizaci\u00f3n fue una de las impulsoras de un proyecto singular: el <strong><a href=\"https:\/\/empresesambproposit.cat\/\" target=\"_blank\" rel=\"noopener\" title=\"\">Manifiesto para una econom\u00eda con prop\u00f3sito<\/a><\/strong>, ratificado por todas las organizaciones patronales presentes en Catalunya y presentado en junio de 2023.<\/p>\n\n\n\n<p><strong>La celebraci\u00f3n de los 10 a\u00f1os\u00a0\u00a0cont\u00f3\u00a0con m\u00e1s de 400 asistentes, capacidad m\u00e1xima del espacio que los alberg\u00f3.\u00a0\u00a0<\/strong><\/p>\n\n\n<div class=\"wp-block-image\">\n<figure class=\"aligncenter size-full\"><img fetchpriority=\"high\" decoding=\"async\" width=\"593\" height=\"358\" src=\"https:\/\/www.mullor.com\/wp-content\/uploads\/2024\/02\/premiados-premis-respon-2023.png\" alt=\"\" class=\"wp-image-4671\" srcset=\"https:\/\/www.mullor.com\/wp-content\/uploads\/2024\/02\/premiados-premis-respon-2023.png 593w, https:\/\/www.mullor.com\/wp-content\/uploads\/2024\/02\/premiados-premis-respon-2023-300x181.png 300w, https:\/\/www.mullor.com\/wp-content\/uploads\/2024\/02\/premiados-premis-respon-2023-18x12.png 18w\" sizes=\"(max-width: 593px) 100vw, 593px\" \/><\/figure>\n<\/div>\n\n\n<p>Como cada a\u00f1o, se entregaron tambi\u00e9n los premios anuales a organizaciones que destacan en alg\u00fan \u00e1mbito de responsabilidad:<\/p>\n\n\n\n<ul class=\"wp-block-list\">\n<li>Premio a la\u00a0trayectoria del compromiso en RSE para empresa grande:\u00a0<strong>Hospital Sant Joan de D\u00e9u Barcelona.<\/strong>\u00a0(ver el\u00a0<a href=\"https:\/\/youtu.be\/ibxXqNFim2Q\" target=\"_blank\" rel=\"noopener\" title=\"\">v\u00eddeo<\/a> sobre el proyecto).<\/li>\n\n\n\n<li>Premio a la\u00a0trayectoria del compromiso en RSE para empresa peque\u00f1a y mediana:<strong> ALQVIMIA<\/strong>\u00a0(ver el\u00a0<a href=\"https:\/\/youtu.be\/yLs-jkh5cnc\" target=\"_blank\" rel=\"noopener\" title=\"\">v\u00eddeo<\/a>\u00a0sobre el proyecto).<\/li>\n\n\n\n<li>Reconocimiento al\u00a0programa empresarial de voluntariado:\u00a0<strong>Kern Pharma<\/strong>\u00a0(ver el <a href=\"https:\/\/youtu.be\/6wesoI721GI\" target=\"_blank\" rel=\"noopener\" title=\"\">v\u00eddeo<\/a>\u00a0sobre el proyecto).<\/li>\n\n\n\n<li>Reconocimiento al\u00a0programa empresarial ambiental de colaboraci\u00f3n: La Vinyeta (ver el\u00a0<a href=\"https:\/\/youtu.be\/uPElvTj2qQ0\" target=\"_blank\" rel=\"noopener\" title=\"\">v\u00eddeo<\/a>\u00a0sobre el proyecto).<\/li>\n\n\n\n<li>Reconocimiento a los\u00a0territorios socialmente responsables:<strong> Ripoll\u00e8s, Valle del Ges, Or\u00eds y Bisaura,<\/strong>\u00a0representado por la Asociaci\u00f3n Leader Ripoll\u00e8s Ges Bisaura (ver el\u00a0<a href=\"https:\/\/youtu.be\/sQWx6uKmz0w\" target=\"_blank\" rel=\"noopener\" title=\"\">v\u00eddeo<\/a>\u00a0sobre el proyecto).<\/li>\n\n\n\n<li>Reconocimiento a las\u00a0buenas pr\u00e1cticas empresariales de reforma horaria:<strong> Basetis<\/strong>\u00a0(ver el\u00a0<a href=\"https:\/\/youtu.be\/YPnMLwrVPb8\" target=\"_blank\" rel=\"noopener\" title=\"\">v\u00eddeo<\/a>\u00a0sobre el proyecto).<\/li>\n\n\n\n<li>Reconocimiento especial a una\u00a0persona por su trayectoria en Responsabilidad Social en Catalunya:<strong> Miquel A. Torres Riera,<\/strong>\u00a0presidente de Familia Torres (<a href=\"https:\/\/respon.cat\/wp-content\/uploads\/2024\/01\/Di%CC%81ptic_reconeixement_personal_RSE_Premis_2023_MA_Torres_24-1.pdf\" target=\"_blank\" rel=\"noopener\" title=\"nota biogr\u00e1fica del premiado\">nota biogr\u00e1fica del premiado<\/a>).<\/li>\n<\/ul>\n\n\n\n<p><strong>Los Premios Respon.cat tienen el apoyo del\u00a0Departamento de Empresa y Trabajo\u00a0de la Generalitat de Catalunya y la colaboraci\u00f3n de la\u00a0C\u00e1mara de Comercio de Barcelona\u00a0y del\u00a0Consejo de C\u00e1maras de Comercio\u00a0de Catalunya.<\/strong><\/p>\n\n\n\n<p>La celebraci\u00f3n de los 10 a\u00f1os fu\u00e9 esponsorizada por 2&nbsp;<strong>patrocinadores globales<\/strong><strong>&nbsp;(<\/strong><strong>HP y Caja de Ingenieros<\/strong><strong>)&nbsp;<\/strong>as\u00ed como a otras<strong>&nbsp;<\/strong><strong>15 empresas&nbsp;<\/strong><strong>entre las que tambi\u00e9n est\u00e0 Mullor.<\/strong><strong>&nbsp;<\/strong>&nbsp;<\/p>\n\n\n<div class=\"wp-block-image\">\n<figure class=\"alignleft size-full is-resized\"><img decoding=\"async\" width=\"392\" height=\"391\" src=\"https:\/\/www.mullor.com\/wp-content\/uploads\/2024\/02\/ODS-17-fundacio-ampans.png\" alt=\"\" class=\"wp-image-4668\" style=\"width:256px;height:auto\" srcset=\"https:\/\/www.mullor.com\/wp-content\/uploads\/2024\/02\/ODS-17-fundacio-ampans.png 392w, https:\/\/www.mullor.com\/wp-content\/uploads\/2024\/02\/ODS-17-fundacio-ampans-300x300.png 300w, https:\/\/www.mullor.com\/wp-content\/uploads\/2024\/02\/ODS-17-fundacio-ampans-150x150.png 150w, https:\/\/www.mullor.com\/wp-content\/uploads\/2024\/02\/ODS-17-fundacio-ampans-12x12.png 12w\" sizes=\"(max-width: 392px) 100vw, 392px\" \/><\/figure>\n<\/div>\n\n\n<p>La Fundaci\u00f3n Ampans, entreg\u00f3 a cada uno de los patrocinadores una obra de arte realizada por\u00a0personas con capacidades diferentes\u00a0vinculada al ODS que cada patrocinador hab\u00eda querido esponsorizar.\u00a0<\/p>\n\n\n\n<p>Mullor quiso patrocinar el objetivo ODS n\u00famero 17 vinculado a las Alianzas para el desarrollo, porque la manera m\u00e1s eficiente y eficaz de conseguir resultados es la colaboraci\u00f3n. Y como Mullor continuaremos trabajando tanto directamente como a trav\u00e9s de la Fundaci\u00f3n Mullor con esta filosof\u00eda.\u00a0<\/p>","protected":false},"excerpt":{"rendered":"<p>Hace unos d\u00edas se celebraron los premios Respon.cat a organizaciones que destacan en alg\u00fan \u00e1mbito de responsabilidad Social Corporativa y programas sociales.<\/p>","protected":false},"author":6,"featured_media":4670,"comment_status":"open","ping_status":"open","sticky":false,"template":"","format":"standard","meta":{"footnotes":""},"categories":[27,25],"tags":[126,29],"class_list":["post-4666","post","type-post","status-publish","format-standard","has-post-thumbnail","hentry","category-comunicacion","category-rse","tag-respon-cat","tag-rse"],"aioseo_notices":[],"_links":{"self":[{"href":"https:\/\/www.mullor.com\/en\/wp-json\/wp\/v2\/posts\/4666","targetHints":{"allow":["GET"]}}],"collection":[{"href":"https:\/\/www.mullor.com\/en\/wp-json\/wp\/v2\/posts"}],"about":[{"href":"https:\/\/www.mullor.com\/en\/wp-json\/wp\/v2\/types\/post"}],"author":[{"embeddable":true,"href":"https:\/\/www.mullor.com\/en\/wp-json\/wp\/v2\/users\/6"}],"replies":[{"embeddable":true,"href":"https:\/\/www.mullor.com\/en\/wp-json\/wp\/v2\/comments?post=4666"}],"version-history":[{"count":4,"href":"https:\/\/www.mullor.com\/en\/wp-json\/wp\/v2\/posts\/4666\/revisions"}],"predecessor-version":[{"id":4674,"href":"https:\/\/www.mullor.com\/en\/wp-json\/wp\/v2\/posts\/4666\/revisions\/4674"}],"wp:featuredmedia":[{"embeddable":true,"href":"https:\/\/www.mullor.com\/en\/wp-json\/wp\/v2\/media\/4670"}],"wp:attachment":[{"href":"https:\/\/www.mullor.com\/en\/wp-json\/wp\/v2\/media?parent=4666"}],"wp:term":[{"taxonomy":"category","embeddable":true,"href":"https:\/\/www.mullor.com\/en\/wp-json\/wp\/v2\/categories?post=4666"},{"taxonomy":"post_tag","embeddable":true,"href":"https:\/\/www.mullor.com\/en\/wp-json\/wp\/v2\/tags?post=4666"}],"curies":[{"name":"wp","href":"https:\/\/api.w.org\/{rel}","templated":true}]}}