{"id":4785,"date":"2024-05-30T10:45:58","date_gmt":"2024-05-30T08:45:58","guid":{"rendered":"https:\/\/www.mullor.com\/?p=4785"},"modified":"2025-08-11T13:23:25","modified_gmt":"2025-08-11T11:23:25","slug":"colaboracion-para-la-integracion-laboral","status":"publish","type":"post","link":"https:\/\/www.mullor.com\/en\/colaboracion-para-la-integracion-laboral\/","title":{"rendered":"Colaboraci\u00f3n para la integraci\u00f3n laboral"},"content":{"rendered":"<p>La <a href=\"https:\/\/fundaciomullor.org\/es\/\" target=\"_blank\" rel=\"noopener\" title=\"Fundaci\u00f3n Mullor\">Fundaci\u00f3 Mullor<\/a> y el <a href=\"https:\/\/www.institutodecom.com\/\" target=\"_blank\" rel=\"noopener\" title=\"Instituto de Comunicaci\u00f3n\">Instituto de Comunicaci\u00f3n<\/a> vienen colaborando en lo que es uno de los pilares de la fundaci\u00f3n: la integraci\u00f3n laboral de las personas con discapacidad. Esta colaboraci\u00f3n ha empezado a dar sus frutos.<\/p>\n\n\n\n<p>A continuaci\u00f3n compartimos la publicaci\u00f3n que Raimon Albiol, socio y Consejero Delegado del Instituto de Comunicaci\u00f3n, ha publicado en LinkedIn como muestra de nuestra forma de trabajar entre las dos organizaciones.<\/p>\n\n\n\n<p>\u00abMuy agradecidos y contentos al mismo tiempo de haber podido certificar esta semana pasada a V\u00edctor Bisbal, voluntario de la Fundaci\u00f3 Mullor en el modelo Bridge del Instituto de Comunicaci\u00f3n.<\/p>\n\n\n\n<p>El modelo <em>bridge<\/em> es un modelo que permite conocer nuestro estilo de relaci\u00f3n para poder tener una comunicaci\u00f3n m\u00e1s efectiva, y es un modelo simple e intuitivo, y de aplicaci\u00f3n universal en cualquier entorno: no tiene fronteras.<br><br><strong>Fundaci\u00f3 Mullor tiene como objetivo potenciar las capacidades de personas y organizaciones<\/strong>. Con una mirada singular en las personas con discapacidad para aumentar su inclusi\u00f3n laboral. Nuevas miradas del modelo surgidas de su mano quienes nos han puesto en contacto con V\u00edctor, uno de sus voluntarios.<br><br>V\u00edctor realiz\u00f3 unas pr\u00e1cticas el a\u00f1o 2023 en la Fundaci\u00f3n y sinti\u00f3 mucha curiosidad por el modelo, y esta certificaci\u00f3n le ayudar\u00e1 a seguir generando puentes entre las empresas y las personas con Certificado de Discapacidad, al igual que lo hicieron con \u00e9l en el pasado la Fundaci\u00f3n.<br><br>V\u00edctor es un amante y apasionado de la navegaci\u00f3n mar\u00edtima, a quien le motiva sentir la armon\u00eda y libertad del mar y le gusta aprender a diario cosas nuevas. Hoy trabaja en un CAP de Barcelona, como ayudante administrativo, porque desde su posici\u00f3n puede ayudar a muchas personas.<br><br>Muchas gracias <a href=\"https:\/\/www.linkedin.com\/in\/analeonpellicer\/\" target=\"_blank\" rel=\"noopener\" title=\"\">Ana Le\u00f3n Pellicer<\/a> and <a href=\"https:\/\/www.linkedin.com\/in\/rogerpolls\/\" target=\"_blank\" rel=\"noopener\" title=\"\">Roger Polls<\/a> por acogernos en vuestra sede, por vuestro claro compromiso con las personas, y sobre todo, por vuestra iniciativa y objetivo de incorporar entre vuestro equipo de formadores a Victor.<br><br>Este \u201csue\u00f1o\u201d iniciado hace un tiempo, se ha podido materializar la pasada semana con las ganas de todos. Con la incorporaci\u00f3n de V\u00edctor como nuevo facilitador, cont\u00e1is entre vuestro equipo de formadores capacidades ampliadas para tender puentes y ayudar a mejorar la comunicaci\u00f3n en las organizaciones.<br><br>In <a href=\"https:\/\/www.linkedin.com\/company\/instituto-de-comunicaci%C3%B3n\/\" target=\"_blank\" rel=\"noopener\" title=\"\">Instituto de Comunicaci\u00f3n<\/a> nos gusta ir tan \u201clejos\u201d como nos sea posible, y demostrar que los l\u00edmites est\u00e1n para superarlos, y que en colaboraci\u00f3n es siempre m\u00e1s f\u00e1cil conseguirlo: \u00a1Un reto y un paso adelante para todos!\u00bb<\/p>\n\n\n\n<p><em>Autor: Raimon Albiol &#8211; Socio y Consejero Delegado del Instituto de Comunicaci\u00f3n<\/em><\/p>","protected":false},"excerpt":{"rendered":"<p>La Fundaci\u00f3 Mullor y el Instituto de Comunicaci\u00f3n est\u00e1n colaborado para facilitar la integraci\u00f3n laboral de las personas con discapacidad. En este art\u00edculo os mostramos un ejemplo.<\/p>","protected":false},"author":6,"featured_media":4791,"comment_status":"open","ping_status":"open","sticky":false,"template":"","format":"standard","meta":{"footnotes":""},"categories":[19,25],"tags":[129,41,29],"class_list":["post-4785","post","type-post","status-publish","format-standard","has-post-thumbnail","hentry","category-personas","category-rse","tag-integracion-laboral","tag-responsabilidad-social","tag-rse"],"aioseo_notices":[],"_links":{"self":[{"href":"https:\/\/www.mullor.com\/en\/wp-json\/wp\/v2\/posts\/4785","targetHints":{"allow":["GET"]}}],"collection":[{"href":"https:\/\/www.mullor.com\/en\/wp-json\/wp\/v2\/posts"}],"about":[{"href":"https:\/\/www.mullor.com\/en\/wp-json\/wp\/v2\/types\/post"}],"author":[{"embeddable":true,"href":"https:\/\/www.mullor.com\/en\/wp-json\/wp\/v2\/users\/6"}],"replies":[{"embeddable":true,"href":"https:\/\/www.mullor.com\/en\/wp-json\/wp\/v2\/comments?post=4785"}],"version-history":[{"count":8,"href":"https:\/\/www.mullor.com\/en\/wp-json\/wp\/v2\/posts\/4785\/revisions"}],"predecessor-version":[{"id":5057,"href":"https:\/\/www.mullor.com\/en\/wp-json\/wp\/v2\/posts\/4785\/revisions\/5057"}],"wp:featuredmedia":[{"embeddable":true,"href":"https:\/\/www.mullor.com\/en\/wp-json\/wp\/v2\/media\/4791"}],"wp:attachment":[{"href":"https:\/\/www.mullor.com\/en\/wp-json\/wp\/v2\/media?parent=4785"}],"wp:term":[{"taxonomy":"category","embeddable":true,"href":"https:\/\/www.mullor.com\/en\/wp-json\/wp\/v2\/categories?post=4785"},{"taxonomy":"post_tag","embeddable":true,"href":"https:\/\/www.mullor.com\/en\/wp-json\/wp\/v2\/tags?post=4785"}],"curies":[{"name":"wp","href":"https:\/\/api.w.org\/{rel}","templated":true}]}}