{"id":4796,"date":"2024-06-02T14:35:15","date_gmt":"2024-06-02T12:35:15","guid":{"rendered":"https:\/\/www.mullor.com\/?p=4796"},"modified":"2024-06-02T14:46:23","modified_gmt":"2024-06-02T12:46:23","slug":"mullor-reconocida-por-el-pacto-mundial-de-la-onu","status":"publish","type":"post","link":"https:\/\/www.mullor.com\/en\/mullor-reconocida-por-el-pacto-mundial-de-la-onu\/","title":{"rendered":"Mullor reconocida por el Pacto Mundial de la ONU"},"content":{"rendered":"<p>El pasado 29 de mayo tuvo lugar en Madrid la Asamblea General del\u00a0Pacto Mundial de la ONU Espa\u00f1a en la que Mullor, como organizaci\u00f3n, estuvimos presentes. Mullor est\u00e1 adherida al\u00a0Pacto Mundial de las Naciones Unidas y sus principios en las \u00e1reas de <a href=\"https:\/\/www.mullor.com\/en\/responsabilidad-social-corporativa\/nuestros-compromisos\/\" target=\"_blank\" rel=\"noopener\" title=\"derechos humanos, trabajo, medio ambiente\">derechos humanos, trabajo, medio ambiente<\/a> y anticorrupci\u00f3n desde el a\u00f1o 2010.\u00a0 Con motivo de la celebraci\u00f3n del 20 aniversario de la Red Espa\u00f1ola tuvimos el honor de recibir <strong>un singular reconocimiento como entidad sostenidamente prescriptora del pacto<\/strong>.<\/p>\n\n\n\n<p>Estos reconocimientos que otorga el Pacto Mundial se enmarcan dentro del programa&nbsp;<a href=\"https:\/\/www.pactomundial.org\/noticia\/practica-la-formula-contigo-somos\/\" target=\"_blank\" rel=\"noreferrer noopener\"><strong>Contigo Somos+<\/strong><\/a>&nbsp;que tiene como objetivo fundamental reconocer a aquellas entidades adheridas que en el \u00faltimo a\u00f1o han desarrollado&nbsp;<strong>acciones de difusi\u00f3n de la iniciativa<\/strong>&nbsp;entre sus principales grupos de inter\u00e9s. De esta forma, se convierten en altavoz de la&nbsp;<strong>sostenibilidad empresarial<\/strong>&nbsp;y contribuyen activamente a atraer a nuevos miembros al Pacto Mundial de la ONU que est\u00e9n comprometidos con la sostenibilidad y quieran progresar en esta materia en nuestro pa\u00eds.<\/p>\n\n\n\n<figure class=\"wp-block-image size-large\"><img fetchpriority=\"high\" decoding=\"async\" width=\"1024\" height=\"656\" src=\"https:\/\/www.mullor.com\/wp-content\/uploads\/2024\/06\/pacto-mundial-grupo-1024x656.jpg\" alt=\"Las entidades reconocidas este a\u00f1o por el Pacto Mundial como empresas que desarrollan una pol\u00edtica empresarial sostenible\" class=\"wp-image-4800\" srcset=\"https:\/\/www.mullor.com\/wp-content\/uploads\/2024\/06\/pacto-mundial-grupo-1024x656.jpg 1024w, https:\/\/www.mullor.com\/wp-content\/uploads\/2024\/06\/pacto-mundial-grupo-300x192.jpg 300w, https:\/\/www.mullor.com\/wp-content\/uploads\/2024\/06\/pacto-mundial-grupo-768x492.jpg 768w, https:\/\/www.mullor.com\/wp-content\/uploads\/2024\/06\/pacto-mundial-grupo-18x12.jpg 18w, https:\/\/www.mullor.com\/wp-content\/uploads\/2024\/06\/pacto-mundial-grupo-800x513.jpg 800w, https:\/\/www.mullor.com\/wp-content\/uploads\/2024\/06\/pacto-mundial-grupo.jpg 1200w\" sizes=\"(max-width: 1024px) 100vw, 1024px\" \/><\/figure>\n\n\n\n<p>Esta iniciativa est\u00e1 a punto de celebrar&nbsp;<strong>25 a\u00f1os de trayectoria<\/strong>&nbsp;y cuenta con casi 70 redes locales a nivel mundial, destacando entre ellas la red espa\u00f1ola. Espa\u00f1a cuenta con&nbsp;<strong>m\u00e1s de 1.700 entidades adheridas<\/strong>. <\/p>\n\n\n\n<p>Queremos agradecer a todos nuestro equipo humano (en esta ocasi\u00f3n representado en el escenario de Madrid por David Padillo) por el ejemplo y perseverancia en estos principios en el d\u00eda a d\u00eda de nuestro trabajo interno y en las instalaciones de nuestros clientes.<\/p>\n\n\n\n<figure class=\"wp-block-image size-large\"><img decoding=\"async\" width=\"1024\" height=\"683\" src=\"https:\/\/www.mullor.com\/wp-content\/uploads\/2024\/06\/mullor-pacto-mundial-1024x683.jpg\" alt=\"David Padillo, de Mullor, recibiendo el reconocimiento como entidad sostenidamente prescriptora\" class=\"wp-image-4797\" srcset=\"https:\/\/www.mullor.com\/wp-content\/uploads\/2024\/06\/mullor-pacto-mundial-1024x683.jpg 1024w, https:\/\/www.mullor.com\/wp-content\/uploads\/2024\/06\/mullor-pacto-mundial-300x200.jpg 300w, https:\/\/www.mullor.com\/wp-content\/uploads\/2024\/06\/mullor-pacto-mundial-768x512.jpg 768w, https:\/\/www.mullor.com\/wp-content\/uploads\/2024\/06\/mullor-pacto-mundial-18x12.jpg 18w, https:\/\/www.mullor.com\/wp-content\/uploads\/2024\/06\/mullor-pacto-mundial-800x533.jpg 800w, https:\/\/www.mullor.com\/wp-content\/uploads\/2024\/06\/mullor-pacto-mundial.jpg 1200w\" sizes=\"(max-width: 1024px) 100vw, 1024px\" \/><\/figure>\n\n\n\n<p>Y vosotros \u00bfcu\u00e1ndo os quer\u00e9is adherir al crecimiento del movimiento internacional por la sostenibilidad empresarial? Uniros al Pacto Mundial para la sostenibilidad empresarial con el objetivo de construir el mundo que deseamos.<\/p>\n\n\n\n<p>Pod\u00e9is leer la nota que ha publicado el <a href=\"https:\/\/www.pactomundial.org\/noticia\/felicidades-conoce-a-los-ganadores-de-los-reconocimientos-contigo-somos-2023-2024\/\" target=\"_blank\" rel=\"noopener\" title=\"Pacto Mundial - Red Espa\u00f1ola en su blog\">Pacto Mundial &#8211; Red Espa\u00f1ola en su blog<\/a>.<\/p>","protected":false},"excerpt":{"rendered":"<p>El pasado 29 tuvo lugar en Madrid la Asamblea General del Pacto Mundial de la ONU Espa\u00f1a en la que Mullor, como organizaci\u00f3n, fue reconocida como entidad sostenidamente prescriptora del pacto. Mullor est\u00e1 adherida al\u00a0Pacto Mundial de las Naciones Unidas y sus principios en las \u00e1reas de derechos humanos, trabajo, medio ambiente y anticorrupci\u00f3n desde el a\u00f1o 2010.\u00a0 <\/p>","protected":false},"author":6,"featured_media":4801,"comment_status":"open","ping_status":"open","sticky":false,"template":"","format":"standard","meta":{"footnotes":""},"categories":[27,25],"tags":[84,130],"class_list":["post-4796","post","type-post","status-publish","format-standard","has-post-thumbnail","hentry","category-comunicacion","category-rse","tag-onu","tag-pacto-mundial"],"aioseo_notices":[],"_links":{"self":[{"href":"https:\/\/www.mullor.com\/en\/wp-json\/wp\/v2\/posts\/4796","targetHints":{"allow":["GET"]}}],"collection":[{"href":"https:\/\/www.mullor.com\/en\/wp-json\/wp\/v2\/posts"}],"about":[{"href":"https:\/\/www.mullor.com\/en\/wp-json\/wp\/v2\/types\/post"}],"author":[{"embeddable":true,"href":"https:\/\/www.mullor.com\/en\/wp-json\/wp\/v2\/users\/6"}],"replies":[{"embeddable":true,"href":"https:\/\/www.mullor.com\/en\/wp-json\/wp\/v2\/comments?post=4796"}],"version-history":[{"count":4,"href":"https:\/\/www.mullor.com\/en\/wp-json\/wp\/v2\/posts\/4796\/revisions"}],"predecessor-version":[{"id":4804,"href":"https:\/\/www.mullor.com\/en\/wp-json\/wp\/v2\/posts\/4796\/revisions\/4804"}],"wp:featuredmedia":[{"embeddable":true,"href":"https:\/\/www.mullor.com\/en\/wp-json\/wp\/v2\/media\/4801"}],"wp:attachment":[{"href":"https:\/\/www.mullor.com\/en\/wp-json\/wp\/v2\/media?parent=4796"}],"wp:term":[{"taxonomy":"category","embeddable":true,"href":"https:\/\/www.mullor.com\/en\/wp-json\/wp\/v2\/categories?post=4796"},{"taxonomy":"post_tag","embeddable":true,"href":"https:\/\/www.mullor.com\/en\/wp-json\/wp\/v2\/tags?post=4796"}],"curies":[{"name":"wp","href":"https:\/\/api.w.org\/{rel}","templated":true}]}}