{"id":4868,"date":"2024-09-16T00:06:42","date_gmt":"2024-09-15T22:06:42","guid":{"rendered":"https:\/\/www.mullor.com\/?p=4868"},"modified":"2025-11-07T14:19:42","modified_gmt":"2025-11-07T13:19:42","slug":"16-de-septiembre-dia-internacional-de-la-preservacion-de-la-capa-de-ozono","status":"publish","type":"post","link":"https:\/\/www.mullor.com\/en\/16-de-septiembre-dia-internacional-de-la-preservacion-de-la-capa-de-ozono\/","title":{"rendered":"16 de septiembre: D\u00eda Internacional de la Preservaci\u00f3n de la Capa de Ozono"},"content":{"rendered":"<p>Hoy 16 de septiembre es el D\u00eda Internacional de la Preservaci\u00f3n de la Capa de Ozono que conmemora el d\u00eda en que se firm\u00f3 en Montreal, en 1987, el Protocolo relativo a las sustancias que agotan la capa de ozono y que entr\u00f3 en vigor en 1989.<\/p>\n\n\n\n<p><strong>El Protocolo de Montreal es un acuerdo ambiental internacional que logr\u00f3 ratificaci\u00f3n universal para proteger la capa de ozono de la tierra, con la meta de eliminar el uso de sustancias que agotan la capa de ozono (SAO)<\/strong>. De otro modo, aumentar\u00eda el riesgo de que altos niveles de radiaci\u00f3n ultravioleta penetren en la tierra, lo que dar\u00eda lugar a una mayor incidencia de c\u00e1ncer de piel y cataratas oculares, afectar\u00eda los sistemas inmunol\u00f3gicos y tendr\u00eda efectos negativos en las cuencas hidrogr\u00e1ficas, las tierras agr\u00edcolas y los bosques.<\/p>\n\n\n\n<p>Desde su adopci\u00f3n en 1987, y a partir de finales de 2014, se ha eliminado con \u00e9xito m\u00e1s del 98% de las SAO controladas, lo que ha ayudado a revertir los da\u00f1os a la capa de ozono. Un beneficio colateral muy importante es que, por ejemplo, <strong>durante el per\u00edodo 1989-2013 se redujeron las emisiones acumuladas de CO2 en 135.000 millones de toneladas<\/strong>.<\/p>\n\n\n\n<p>Las medidas de control y prohibici\u00f3n del uso de los compuestos destructores del ozono, que comenzaron en 1987 con el Protocolo de Montreal, y se fueron endureciendo en la d\u00e9cada de los 90, en las sucesivas enmiendas al protocolo, han evitado probablemente una destrucci\u00f3n masiva de la capa de ozono, con los consiguientes da\u00f1os a personas y seres vivos en general.<\/p>\n\n\n\n<p>El 16 de septiembre de 2009, la Convenci\u00f3n de Viena y el Protocolo de Montreal se convirtieron en los primeros tratados de la historia de las Naciones Unidas en lograr la ratificaci\u00f3n universal.<\/p>\n\n\n\n<p>Las Partes en el Protocolo de Montreal relativo a las sustancias que agotan la capa de ozono llegaron a un acuerdo en su 28\u00aa Reuni\u00f3n de las Partes el 15 de octubre de 2016 en Kigali, Rwanda, para eliminar gradualmente los hidrofluorocarbonos (HFC).<\/p>\n\n\n\n<p>Igualmente queda mucho por hacer, las mediciones del sat\u00e9lite Copernicus Sentinel-5P muestran que el agujero de la capa de ozono en el a\u00f1o 2023 sobre la Ant\u00e1rtida es uno de los m\u00e1s grandes jam\u00e1s registrados, seg\u00fan ha comunicado recientemente la Agencia Espacial Europea (ESA).<\/p>\n\n\n\n<p><strong>El agujero, que los cient\u00edficos llaman una \u00abzona de agotamiento de la capa de ozono\u00bb, alcanz\u00f3 un tama\u00f1o de 26 millones de kil\u00f3metros cuadrados el 16 de septiembre de 2023, aproximadamente tres veces el tama\u00f1o de Brasil.<\/strong><\/p>\n\n\n\n<h2 class=\"wp-block-heading\">\u00bfPor qu\u00e9 el agujero de la capa de ozono es tan grande actualmente?<\/h2>\n\n\n\n<p>La variabilidad del tama\u00f1o del agujero de ozono est\u00e1 determinada en gran medida por la fuerza de una fuerte banda de viento que fluye alrededor de la zona ant\u00e1rtica. Esta fuerte banda de viento es una consecuencia directa de la rotaci\u00f3n de la Tierra y de las fuertes diferencias de temperatura entre las latitudes polares y moderadas.<\/p>\n\n\n\n<p>Algunos investigadores especulan que los patrones inusuales de ozono de este a\u00f1o podr\u00edan estar asociados con la erupci\u00f3n del Hunga Tonga-Hunga Ha\u2019apai en enero de 2022.<\/p>\n\n\n\n<p>Sin embargo, es importante se\u00f1alar que el impacto exacto de la erupci\u00f3n de Hunga Tonga en el agujero de ozono del hemisferio sur todav\u00eda es un tema de investigaci\u00f3n en curso. Esto se debe a la ausencia de casos anteriores en los que se inyectaran cantidades tan sustanciales de vapor de agua en la estratosfera en observaciones modernas.<\/p>\n\n\n\n<p>Os recordamos una pautas b\u00e1sicas de qu\u00e9 podemos hacer de una manera f\u00e1cil para contribuir a la preservaci\u00f3n de la capa de ozono:<\/p>\n\n\n\n<ul class=\"wp-block-list\">\n<li>Comprar focos ahorradores.<\/li>\n\n\n\n<li>Evitar comprar Sprays o aerosoles que contengan CFC\u2019s.<\/li>\n\n\n\n<li>Realizar mantenimiento regular del aire acondicionado de tu casa y veh\u00edculo.<\/li>\n<\/ul>\n\n\n\n<p>Si quer\u00e9is compartir el material que ha preparado la ONU para conmemorar este d\u00eda <a href=\"https:\/\/ozone.unep.org\/ozone-day\/montreal-protocol-advancing-climate-action\" target=\"_blank\" rel=\"noopener\" title=\"pod\u00e9is descargarlos en su p\u00e1gina web\">pod\u00e9is descargarlos en su p\u00e1gina web<\/a>.<\/p>","protected":false},"excerpt":{"rendered":"<p>Hoy 16 de septiembre es el D\u00eda Internacional de la Preservaci\u00f3n de la Capa de Ozono que conmemora el d\u00eda en que se firm\u00f3 en Montreal, en 1987, el Protocolo relativo a las sustancias que agotan la capa de ozono y que entr\u00f3 en vigor en 1989. El Protocolo de Montreal es un acuerdo ambiental internacional que logr\u00f3 ratificaci\u00f3n universal<\/p>\n<p><a class=\"more-link\" href=\"https:\/\/www.mullor.com\/en\/16-de-septiembre-dia-internacional-de-la-preservacion-de-la-capa-de-ozono\/\">Read More<\/a><\/p>","protected":false},"author":6,"featured_media":4871,"comment_status":"open","ping_status":"open","sticky":false,"template":"","format":"standard","meta":{"footnotes":""},"categories":[25],"tags":[73,131],"class_list":["post-4868","post","type-post","status-publish","format-standard","has-post-thumbnail","hentry","category-rse","tag-cambio-climatico","tag-capa-de-ozono"],"aioseo_notices":[],"_links":{"self":[{"href":"https:\/\/www.mullor.com\/en\/wp-json\/wp\/v2\/posts\/4868","targetHints":{"allow":["GET"]}}],"collection":[{"href":"https:\/\/www.mullor.com\/en\/wp-json\/wp\/v2\/posts"}],"about":[{"href":"https:\/\/www.mullor.com\/en\/wp-json\/wp\/v2\/types\/post"}],"author":[{"embeddable":true,"href":"https:\/\/www.mullor.com\/en\/wp-json\/wp\/v2\/users\/6"}],"replies":[{"embeddable":true,"href":"https:\/\/www.mullor.com\/en\/wp-json\/wp\/v2\/comments?post=4868"}],"version-history":[{"count":4,"href":"https:\/\/www.mullor.com\/en\/wp-json\/wp\/v2\/posts\/4868\/revisions"}],"predecessor-version":[{"id":5126,"href":"https:\/\/www.mullor.com\/en\/wp-json\/wp\/v2\/posts\/4868\/revisions\/5126"}],"wp:featuredmedia":[{"embeddable":true,"href":"https:\/\/www.mullor.com\/en\/wp-json\/wp\/v2\/media\/4871"}],"wp:attachment":[{"href":"https:\/\/www.mullor.com\/en\/wp-json\/wp\/v2\/media?parent=4868"}],"wp:term":[{"taxonomy":"category","embeddable":true,"href":"https:\/\/www.mullor.com\/en\/wp-json\/wp\/v2\/categories?post=4868"},{"taxonomy":"post_tag","embeddable":true,"href":"https:\/\/www.mullor.com\/en\/wp-json\/wp\/v2\/tags?post=4868"}],"curies":[{"name":"wp","href":"https:\/\/api.w.org\/{rel}","templated":true}]}}