{"id":584,"date":"2016-07-21T11:30:54","date_gmt":"2016-07-21T09:30:54","guid":{"rendered":"https:\/\/www.mullor.com\/?p=584"},"modified":"2021-06-02T02:52:29","modified_gmt":"2021-06-02T00:52:29","slug":"espacio-inclusion-distrito-les-corts","status":"publish","type":"post","link":"https:\/\/www.mullor.com\/en\/espacio-inclusion-distrito-les-corts\/","title":{"rendered":"Espacio de Inclusi\u00f3n en el distrito de Les Corts"},"content":{"rendered":"<p>Si bien Mullor tiene almacenes y delegaciones en m\u00faltiples poblaciones pr\u00f3ximas a nuestro personal y clientes, los servicios centrales y la mayor\u00eda de los servicios administrativos se encuentran situadas en el barrio de Les Corts de Barcelona.<\/p>\n<p>En este barrio durante el a\u00f1o 2014, la regidur\u00eda del distrito inici\u00f3 y nos propuso la participaci\u00f3n en un ambicioso proyecto de desarrollo de din\u00e1micas integraci\u00f3n de las personas con distintas discapacidades en el barrio.<\/p>\n<p>Llevamos dos a\u00f1os dedicando esfuerzos y tiempo seg\u00fan nos ha propuesto y focalizado el Ayuntamiento y Esade para mejorar tanto el reconocimiento y visibilidad, como el apoyo personal y laboral a las personas con discapacidad y sus familias.<\/p>\n<p>Una vez m\u00e1s este a\u00f1o hemos intercambiando experiencias y nos hemos reunido en 3 ma\u00f1anas de trabajo definiendo posibles enfoques y proyectos conjuntos por parte de empresas con la sede el barrio (Esade, La Illa, FC Barcelona, Real club de Tenis Barcelona, Aguas de Barcelona,\u2026) juntamente con las entidades sociales no gubernamentales del barrio y agentes p\u00fablicos.<\/p>\n<p>El Espacio de Inclusi\u00f3n de Les Corts (L\u2019Espai d\u2019inclusi\u00f3 de Les Corts) es un proyecto a largo plazo y una din\u00e1mica nueva que est\u00e1 generando otras cosas, un cambio de actitud, el conocimiento y la visibilidad entre las entidades y empresas que estamos colaborando con estos colectivos.<\/p>\n<p>Fruto de este mayor conocimiento y din\u00e1micas de interrelaci\u00f3n ya hemos iniciado por parte de Mullor dos proyectos conjuntos concretos durante el 2015<br \/>\n\u2013 Selecci\u00f3n de personal con discapacidad para trabajar en el Festival de Pedralbes 2015<br \/>\n\u2013 Colaboraci\u00f3n para aumentar la ocupaci\u00f3n laboral del Centre Higiene Mental de Les Corts<\/p>\n<p>El objetivo para la segunda mitad del 2016 es generar proyectos nuevos que (que como el a\u00f1o pasado no requieran fondos p\u00fablicos) y ayuden a personas de este heterog\u00e9neo colectivo que residen en el barrio.<\/p>\n<p>Iremos informado de ellos puntualmente a medida que fructifiquen nuevas iniciativas que se sumen a las anteriores.<\/p>\n<p><img fetchpriority=\"high\" decoding=\"async\" class=\"aligncenter wp-image-585 size-full\" src=\"https:\/\/www.mullor.com\/wp-content\/uploads\/2019\/06\/Grupo-de-trabajo-Les-Corts.jpg\" alt=\"Grupo-de-trabajo-Les-Corts\" width=\"340\" height=\"227\" srcset=\"https:\/\/www.mullor.com\/wp-content\/uploads\/2019\/06\/Grupo-de-trabajo-Les-Corts.jpg 340w, https:\/\/www.mullor.com\/wp-content\/uploads\/2019\/06\/Grupo-de-trabajo-Les-Corts-300x200.jpg 300w\" sizes=\"(max-width: 340px) 100vw, 340px\" \/><\/p>\n<p>&nbsp;<\/p>\n<p>&nbsp;<\/p>","protected":false},"excerpt":{"rendered":"<p>Si bien Mullor tiene almacenes y delegaciones en m\u00faltiples poblaciones pr\u00f3ximas a nuestro personal y clientes, los servicios centrales y la mayor\u00eda de los servicios administrativos se encuentran situadas en el barrio de Les Corts de Barcelona. En este barrio durante el a\u00f1o 2014, la regidur\u00eda del distrito inici\u00f3 y nos propuso la participaci\u00f3n en un ambicioso proyecto de desarrollo<\/p>\n<p><a class=\"more-link\" href=\"https:\/\/www.mullor.com\/en\/espacio-inclusion-distrito-les-corts\/\">Read More<\/a><\/p>","protected":false},"author":6,"featured_media":586,"comment_status":"open","ping_status":"open","sticky":false,"template":"","format":"standard","meta":{"footnotes":""},"categories":[19,25],"tags":[],"class_list":["post-584","post","type-post","status-publish","format-standard","has-post-thumbnail","hentry","category-personas","category-rse"],"aioseo_notices":[],"_links":{"self":[{"href":"https:\/\/www.mullor.com\/en\/wp-json\/wp\/v2\/posts\/584","targetHints":{"allow":["GET"]}}],"collection":[{"href":"https:\/\/www.mullor.com\/en\/wp-json\/wp\/v2\/posts"}],"about":[{"href":"https:\/\/www.mullor.com\/en\/wp-json\/wp\/v2\/types\/post"}],"author":[{"embeddable":true,"href":"https:\/\/www.mullor.com\/en\/wp-json\/wp\/v2\/users\/6"}],"replies":[{"embeddable":true,"href":"https:\/\/www.mullor.com\/en\/wp-json\/wp\/v2\/comments?post=584"}],"version-history":[{"count":1,"href":"https:\/\/www.mullor.com\/en\/wp-json\/wp\/v2\/posts\/584\/revisions"}],"predecessor-version":[{"id":587,"href":"https:\/\/www.mullor.com\/en\/wp-json\/wp\/v2\/posts\/584\/revisions\/587"}],"wp:featuredmedia":[{"embeddable":true,"href":"https:\/\/www.mullor.com\/en\/wp-json\/wp\/v2\/media\/586"}],"wp:attachment":[{"href":"https:\/\/www.mullor.com\/en\/wp-json\/wp\/v2\/media?parent=584"}],"wp:term":[{"taxonomy":"category","embeddable":true,"href":"https:\/\/www.mullor.com\/en\/wp-json\/wp\/v2\/categories?post=584"},{"taxonomy":"post_tag","embeddable":true,"href":"https:\/\/www.mullor.com\/en\/wp-json\/wp\/v2\/tags?post=584"}],"curies":[{"name":"wp","href":"https:\/\/api.w.org\/{rel}","templated":true}]}}