{"id":605,"date":"2016-11-23T22:19:31","date_gmt":"2016-11-23T21:19:31","guid":{"rendered":"https:\/\/www.mullor.com\/?p=605"},"modified":"2021-06-02T02:52:29","modified_gmt":"2021-06-02T00:52:29","slug":"premios-respon-cat-2016","status":"publish","type":"post","link":"https:\/\/www.mullor.com\/en\/premios-respon-cat-2016\/","title":{"rendered":"Asistimos a los Premios Respon.cat 2016"},"content":{"rendered":"<p>Nuestro total apoyo a esta iniciativa para el reconocimiento y fomento mejores pr\u00e1cticas en responsabilidad empresarial.<\/p>\n<p>Este a\u00f1o tuvo lugar en Lleida la jornada anual de entrega de premios RESPON. Felicidades a todos los premiados.<\/p>\n<p>En el mismo acto, a escasos metros de nuestra delegaci\u00f3n de Lleida, se otorg\u00f3 el galard\u00f3n como territorio socialmente responsable a la fundaci\u00f3n TOT RAVAL, por su proyecto #RavalKm0 , su trayectoria y sinergia en cohesionar un barrio altamente poblado y con un nivel de multiculturalidad todav\u00eda m\u00e1s alto. Las entidades socias de TOT RAVAL hacen posible la uni\u00f3n de esfuerzos de distintas entidades para plantear objetivos y obtener resultados de alto impacto que de otro modo no ser\u00edan posibles. Felicidades igualmente.<\/p>\n<p>Finalmente, no podemos dejar de mencionar el premio a la larga trayectoria de Bon \u00c0rea, por su constante, intensa gesti\u00f3n proactiva en acoger e integrar centenares de personas que cada a\u00f1o se incorporan a su plantilla. Es un excepcional ejemplo de la labor de las empresas en el desarrollo y cohesi\u00f3n de un territorio. Nuestra m\u00e1s sincera felicitaci\u00f3n<\/p>\n<p>En este reconocimiento anual, Laboratorios Esteve fue reconocida tambi\u00e9n por su fomento del voluntariado corporativo. Intentaremos aprender de su experiencia. Y con su permiso, trasladar experiencias y trayectorias a nuestro \u00e1mbito de actuaci\u00f3n.<\/p>\n<p>Y nuestra tambi\u00e9n admiraci\u00f3n y reconocimiento por la s\u00f3lida e hist\u00f3rica labor que realiza laboratorios Menarini, por su apoyo a distintas entidades e iniciativas. Particularmente a entidades de Badalona, como la fundaci\u00f3n Ateneu Sant Roc, con las que compartimos la preocupaci\u00f3n por los colectivos socialmente m\u00e1s vulnerables.<\/p>\n<p>Finalmente, tambi\u00e9n es un placer anunciar que empresas medianas como Cellers Credo, Fundaci\u00f3 Joia, y Tarann\u00e0 Viatges ha merecido el reconocimiento por su excelencia en la protecci\u00f3n del medio ambiente, conciliaci\u00f3n horaria y mejores pr\u00e1cticas, respectivamente.<\/p>\n<p>\u00a1Felicidades a todos por el ejemplo y la din\u00e1mica que apoyan y generan!<\/p>\n<p><img fetchpriority=\"high\" decoding=\"async\" class=\"aligncenter wp-image-608 size-full\" src=\"https:\/\/www.mullor.com\/wp-content\/uploads\/2019\/06\/POST-13-FOTO3.jpg\" alt=\"\" width=\"448\" height=\"252\" srcset=\"https:\/\/www.mullor.com\/wp-content\/uploads\/2019\/06\/POST-13-FOTO3.jpg 448w, https:\/\/www.mullor.com\/wp-content\/uploads\/2019\/06\/POST-13-FOTO3-300x169.jpg 300w\" sizes=\"(max-width: 448px) 100vw, 448px\" \/><\/p>\n<p>&nbsp;<\/p>\n<p><img decoding=\"async\" class=\"aligncenter size-full wp-image-607\" src=\"https:\/\/www.mullor.com\/wp-content\/uploads\/2019\/06\/POST-13-FOTO.jpg\" alt=\"\" width=\"448\" height=\"252\" srcset=\"https:\/\/www.mullor.com\/wp-content\/uploads\/2019\/06\/POST-13-FOTO.jpg 448w, https:\/\/www.mullor.com\/wp-content\/uploads\/2019\/06\/POST-13-FOTO-300x169.jpg 300w\" sizes=\"(max-width: 448px) 100vw, 448px\" \/><\/p>\n<p>&nbsp;<\/p>\n<p><img decoding=\"async\" class=\"aligncenter size-full wp-image-606\" src=\"https:\/\/www.mullor.com\/wp-content\/uploads\/2019\/06\/POST-13-FOTO2.jpg\" alt=\"\" width=\"448\" height=\"252\" srcset=\"https:\/\/www.mullor.com\/wp-content\/uploads\/2019\/06\/POST-13-FOTO2.jpg 448w, https:\/\/www.mullor.com\/wp-content\/uploads\/2019\/06\/POST-13-FOTO2-300x169.jpg 300w\" sizes=\"(max-width: 448px) 100vw, 448px\" \/><\/p>","protected":false},"excerpt":{"rendered":"<p>Nuestro total apoyo a esta iniciativa para el reconocimiento y fomento mejores pr\u00e1cticas en responsabilidad empresarial. Este a\u00f1o tuvo lugar en Lleida la jornada anual de entrega de premios RESPON. Felicidades a todos los premiados. En el mismo acto, a escasos metros de nuestra delegaci\u00f3n de Lleida, se otorg\u00f3 el galard\u00f3n como territorio socialmente responsable a la fundaci\u00f3n TOT RAVAL,<\/p>\n<p><a class=\"more-link\" href=\"https:\/\/www.mullor.com\/en\/premios-respon-cat-2016\/\">Read More<\/a><\/p>","protected":false},"author":6,"featured_media":609,"comment_status":"open","ping_status":"open","sticky":false,"template":"","format":"standard","meta":{"footnotes":""},"categories":[25],"tags":[],"class_list":["post-605","post","type-post","status-publish","format-standard","has-post-thumbnail","hentry","category-rse"],"aioseo_notices":[],"_links":{"self":[{"href":"https:\/\/www.mullor.com\/en\/wp-json\/wp\/v2\/posts\/605","targetHints":{"allow":["GET"]}}],"collection":[{"href":"https:\/\/www.mullor.com\/en\/wp-json\/wp\/v2\/posts"}],"about":[{"href":"https:\/\/www.mullor.com\/en\/wp-json\/wp\/v2\/types\/post"}],"author":[{"embeddable":true,"href":"https:\/\/www.mullor.com\/en\/wp-json\/wp\/v2\/users\/6"}],"replies":[{"embeddable":true,"href":"https:\/\/www.mullor.com\/en\/wp-json\/wp\/v2\/comments?post=605"}],"version-history":[{"count":7,"href":"https:\/\/www.mullor.com\/en\/wp-json\/wp\/v2\/posts\/605\/revisions"}],"predecessor-version":[{"id":2137,"href":"https:\/\/www.mullor.com\/en\/wp-json\/wp\/v2\/posts\/605\/revisions\/2137"}],"wp:featuredmedia":[{"embeddable":true,"href":"https:\/\/www.mullor.com\/en\/wp-json\/wp\/v2\/media\/609"}],"wp:attachment":[{"href":"https:\/\/www.mullor.com\/en\/wp-json\/wp\/v2\/media?parent=605"}],"wp:term":[{"taxonomy":"category","embeddable":true,"href":"https:\/\/www.mullor.com\/en\/wp-json\/wp\/v2\/categories?post=605"},{"taxonomy":"post_tag","embeddable":true,"href":"https:\/\/www.mullor.com\/en\/wp-json\/wp\/v2\/tags?post=605"}],"curies":[{"name":"wp","href":"https:\/\/api.w.org\/{rel}","templated":true}]}}