{"id":615,"date":"2016-12-01T22:28:28","date_gmt":"2016-12-01T21:28:28","guid":{"rendered":"https:\/\/www.mullor.com\/?p=615"},"modified":"2021-06-02T02:52:28","modified_gmt":"2021-06-02T00:52:28","slug":"cuatro-millones-kilos-alimentos-banc-dels-aliments","status":"publish","type":"post","link":"https:\/\/www.mullor.com\/en\/cuatro-millones-kilos-alimentos-banc-dels-aliments\/","title":{"rendered":"Cuatro millones de kilos de alimentos para el Banc dels Aliments"},"content":{"rendered":"<p>Hace un par de semanas anunci\u00e1bamos en este espacio la campa\u00f1a de recogida de alimentos del <strong>Banc dels Aliments<\/strong> y os anim\u00e1bamos a participar.<\/p>\n<p>Tras un nuevo \u00e9xito de recogida y donaciones de alimentos este pasado fin de semana, llega la fase final de colaboraci\u00f3n con la clasificaci\u00f3n de los alimentos recogidos y transportados a los almacenes.<\/p>\n<p>Si alguien quiere colaborar y unirse a los cerca de 25.000 voluntarios que han participado en la recogida, y colaborar en la clasificaci\u00f3n de los alimentos recogidos, todav\u00eda est\u00e1 a tiempo.<\/p>\n<p>Hemos recibido fotos de algunas personas de Mullor que han colaborado en la recogida junto con sus familias.<\/p>\n<p><img fetchpriority=\"high\" decoding=\"async\" class=\"aligncenter size-full wp-image-616\" src=\"https:\/\/www.mullor.com\/wp-content\/uploads\/2019\/06\/POST-14-FOTO2.jpg\" alt=\"\" width=\"448\" height=\"252\" srcset=\"https:\/\/www.mullor.com\/wp-content\/uploads\/2019\/06\/POST-14-FOTO2.jpg 448w, https:\/\/www.mullor.com\/wp-content\/uploads\/2019\/06\/POST-14-FOTO2-300x169.jpg 300w\" sizes=\"(max-width: 448px) 100vw, 448px\" \/><\/p>\n<p>&nbsp;<\/p>\n<p><img decoding=\"async\" class=\"aligncenter size-full wp-image-617\" src=\"https:\/\/www.mullor.com\/wp-content\/uploads\/2019\/06\/POST-14-FOTO.jpg\" alt=\"\" width=\"208\" height=\"448\" srcset=\"https:\/\/www.mullor.com\/wp-content\/uploads\/2019\/06\/POST-14-FOTO.jpg 208w, https:\/\/www.mullor.com\/wp-content\/uploads\/2019\/06\/POST-14-FOTO-139x300.jpg 139w\" sizes=\"(max-width: 208px) 100vw, 208px\" \/><\/p>\n<p>&nbsp;<\/p>\n<p><img decoding=\"async\" class=\"aligncenter size-full wp-image-618\" src=\"https:\/\/www.mullor.com\/wp-content\/uploads\/2019\/06\/POST-14-FOTO3.jpg\" alt=\"\" width=\"448\" height=\"252\" srcset=\"https:\/\/www.mullor.com\/wp-content\/uploads\/2019\/06\/POST-14-FOTO3.jpg 448w, https:\/\/www.mullor.com\/wp-content\/uploads\/2019\/06\/POST-14-FOTO3-300x169.jpg 300w\" sizes=\"(max-width: 448px) 100vw, 448px\" \/><\/p>\n<p>&nbsp;<\/p>\n<h4><img loading=\"lazy\" decoding=\"async\" class=\"aligncenter size-full wp-image-619\" src=\"https:\/\/www.mullor.com\/wp-content\/uploads\/2019\/06\/POST-14-FOTO4.jpg\" alt=\"\" width=\"279\" height=\"448\" srcset=\"https:\/\/www.mullor.com\/wp-content\/uploads\/2019\/06\/POST-14-FOTO4.jpg 279w, https:\/\/www.mullor.com\/wp-content\/uploads\/2019\/06\/POST-14-FOTO4-187x300.jpg 187w\" sizes=\"(max-width: 279px) 100vw, 279px\" \/><br \/>\n<strong>Gracias por el testimonio.<\/strong><\/h4>","protected":false},"excerpt":{"rendered":"<p>Hace un par de semanas anunci\u00e1bamos en este espacio la campa\u00f1a de recogida de alimentos del Banc dels Aliments y os anim\u00e1bamos a participar. Tras un nuevo \u00e9xito de recogida y donaciones de alimentos este pasado fin de semana, llega la fase final de colaboraci\u00f3n con la clasificaci\u00f3n de los alimentos recogidos y transportados a los almacenes. Si alguien quiere<\/p>\n<p><a class=\"more-link\" href=\"https:\/\/www.mullor.com\/en\/cuatro-millones-kilos-alimentos-banc-dels-aliments\/\">Read More<\/a><\/p>","protected":false},"author":6,"featured_media":622,"comment_status":"open","ping_status":"open","sticky":false,"template":"","format":"standard","meta":{"footnotes":""},"categories":[25],"tags":[],"class_list":["post-615","post","type-post","status-publish","format-standard","has-post-thumbnail","hentry","category-rse"],"aioseo_notices":[],"_links":{"self":[{"href":"https:\/\/www.mullor.com\/en\/wp-json\/wp\/v2\/posts\/615","targetHints":{"allow":["GET"]}}],"collection":[{"href":"https:\/\/www.mullor.com\/en\/wp-json\/wp\/v2\/posts"}],"about":[{"href":"https:\/\/www.mullor.com\/en\/wp-json\/wp\/v2\/types\/post"}],"author":[{"embeddable":true,"href":"https:\/\/www.mullor.com\/en\/wp-json\/wp\/v2\/users\/6"}],"replies":[{"embeddable":true,"href":"https:\/\/www.mullor.com\/en\/wp-json\/wp\/v2\/comments?post=615"}],"version-history":[{"count":1,"href":"https:\/\/www.mullor.com\/en\/wp-json\/wp\/v2\/posts\/615\/revisions"}],"predecessor-version":[{"id":621,"href":"https:\/\/www.mullor.com\/en\/wp-json\/wp\/v2\/posts\/615\/revisions\/621"}],"wp:featuredmedia":[{"embeddable":true,"href":"https:\/\/www.mullor.com\/en\/wp-json\/wp\/v2\/media\/622"}],"wp:attachment":[{"href":"https:\/\/www.mullor.com\/en\/wp-json\/wp\/v2\/media?parent=615"}],"wp:term":[{"taxonomy":"category","embeddable":true,"href":"https:\/\/www.mullor.com\/en\/wp-json\/wp\/v2\/categories?post=615"},{"taxonomy":"post_tag","embeddable":true,"href":"https:\/\/www.mullor.com\/en\/wp-json\/wp\/v2\/tags?post=615"}],"curies":[{"name":"wp","href":"https:\/\/api.w.org\/{rel}","templated":true}]}}